{"id":5748,"date":"2021-12-06T22:05:47","date_gmt":"2021-12-06T22:05:47","guid":{"rendered":"https:\/\/interlojistik.com.tr\/en\/?p=5748"},"modified":"2021-12-06T22:05:47","modified_gmt":"2021-12-06T22:05:47","slug":"yurtdisi-nakliyat-firmalari","status":"publish","type":"post","link":"https:\/\/interlojistik.com.tr\/en\/yurtdisi-nakliyat-firmalari","title":{"rendered":"Yurtd\u0131\u015f\u0131 Nakliyat Firmalar\u0131"},"content":{"rendered":"<p><strong>Yurtd\u0131\u015f\u0131 nakliyat firmalar\u0131<\/strong><span>\u00a0<\/span>hangileri, yurtd\u0131\u015f\u0131 nakliyat hakk\u0131nda detayl\u0131 bilgi arayan ki\u015filere \u00f6zel ayr\u0131nt\u0131l\u0131 bilgiyi bu i\u00e7eri\u011fimizde sizler i\u00e7in derledik.<\/p>\n<p>T\u00fcrkiye ile d\u00fcnya genelinde kuvvetli acente a\u011f\u0131, alan\u0131nda uzman kadrosu ve kalite standartlar\u0131na uygun bir bi\u00e7imde ara\u00e7 filosu ile birlikte<span>\u00a0<\/span><strong>karayolu ta\u015f\u0131mac\u0131l\u0131<\/strong>\u011f\u0131nda siz de\u011ferli m\u00fc\u015fterilerine d\u00fc\u015f\u00fck maliyetler ve g\u00fcvenilir hizmetler sunmaktad\u0131r.<\/p>\n<p><strong>Yurtd\u0131\u015f\u0131 nakliyat firmalar\u0131<span>\u00a0<\/span><\/strong>i\u00e7inde lider bir konuma sahip olan firmam\u0131z, \u0130skandinav ve Avrupa \u00fclkeleri ba\u015fta olmak \u00fczere, T\u00fcrkiye, Balkan, Arap ve Ortado\u011fu \u00fclkelerine parsiyel ve komple ta\u015f\u0131malar ger\u00e7ekle\u015ftirmektedir. Hacmi, boyutu ve a\u011f\u0131rl\u0131\u011f\u0131 ne olur ise olsun de\u011fi\u015fik g\u00f6nderim \u015fekillerine en uygun maliyet hesaplamalar\u0131 i\u00e7in kuvvetli bir altyap\u0131 haz\u0131rlanm\u0131\u015ft\u0131r. Karayolu ta\u015f\u0131malar\u0131n\u0131z\u0131 \u00fcretim konumundan, teslim al\u0131nacak yere kadar bizim ile h\u0131zland\u0131r\u0131n.<\/p>\n<ul>\n<li>B\u00fct\u00fcn Avrupa\u2019ya sevkiyat hizmeti,<\/li>\n<li>G\u00fcmr\u00fckl\u00fc karayolu ta\u015f\u0131ma hizmeti,<\/li>\n<li>Komple ithalat ihracat karayolu ta\u015f\u0131ma hizmeti,<\/li>\n<li>A\u011f\u0131r nakliye ta\u015f\u0131mac\u0131l\u0131k hizmeti,<\/li>\n<li>Komple ve parsiyel karayolu ta\u015f\u0131ma hizmeti,<\/li>\n<li>Gabari d\u0131\u015f\u0131 ta\u015f\u0131ma tercihleri,<\/li>\n<li>Zaman\u0131nda ve g\u00fcvenli teslimat hizmeti,<\/li>\n<li>Uzman ve deneyimli kadro hizmeti,<\/li>\n<li>Geli\u015fmi\u015f ve yenilenmi\u015f olan teknoloji ile hizmet b\u00fct\u00fcnl\u00fc\u011f\u00fc,<\/li>\n<li>Sizlere \u00f6zel m\u00fc\u015fteri hizmet temsilcileri,<\/li>\n<li>Uzman kadromuz taraf\u0131ndan hareketli hacmin denetlenmesi ve \u00fccretsiz tahmini,<\/li>\n<li>Evraklar\u0131n\u0131z\u0131 haz\u0131rlamaya yard\u0131m,<\/li>\n<li>ERP tabanl\u0131 BT sistemi ve b\u00fct\u00fcn \u015fubelerin \u00e7evrimi\u00e7i a\u011flar\u0131,<\/li>\n<li>Teslimattan hemen sonra ambalaj malzemesinin hemen at\u0131lmas\u0131,<\/li>\n<li>Mallar\u0131n indirilmeyen ya da indirilemeyen sigortas\u0131,<\/li>\n<li>K\u0131talararas\u0131 ta\u015f\u0131mac\u0131l\u0131k i\u00e7in deniza\u015f\u0131r\u0131 ambalajlar.<\/li>\n<\/ul>\n<p><img decoding=\"async\" src=\"https:\/\/interlojistik.com.tr\/en\/view\/img\/blog\/karayolu-tasimaciligi.jpg\" alt=\"\u0130nter Lojistik\" \/>Belirtilen t\u00fcm hizmetler firmam\u0131z taraf\u0131ndan b\u00fcy\u00fck bir \u00f6zen ile m\u00fc\u015fterilerimiz i\u00e7in sa\u011flanan ve kaliteyi olu\u015fturan hizmetler niteli\u011findedir. \u0130htiyac\u0131n\u0131za uygun lojistik hizmeti hakk\u0131nda detayl\u0131 bilgiye sahip olmak i\u00e7in\u00a0bize\u00a0<strong>444 61 85<\/strong>\u00a0nolu telefon numaras\u0131ndan veya\u00a0<strong>bilgi@interlojistik.com.tr<\/strong>\u00a0mail adresinden ula\u015fabilirsiniz.<\/p>\n","protected":false},"excerpt":{"rendered":"<p>Yurtd\u0131\u015f\u0131 nakliyat firmalar\u0131\u00a0hangileri, yurtd\u0131\u015f\u0131 nakliyat hakk\u0131nda detayl\u0131 bilgi arayan ki\u015filere \u00f6zel ayr\u0131nt\u0131l\u0131 bilgiyi bu i\u00e7eri\u011fimizde sizler i\u00e7in derledik. T\u00fcrkiye ile d\u00fcnya genelinde kuvvetli acente a\u011f\u0131, alan\u0131nda uzman kadrosu ve kalite standartlar\u0131na uygun bir bi\u00e7imde ara\u00e7 filosu ile birlikte\u00a0karayolu ta\u015f\u0131mac\u0131l\u0131\u011f\u0131nda siz de\u011ferli m\u00fc\u015fterilerine d\u00fc\u015f\u00fck maliyetler ve g\u00fcvenilir hizmetler sunmaktad\u0131r. Yurtd\u0131\u015f\u0131 nakliyat firmalar\u0131\u00a0i\u00e7inde lider bir konuma sahip [&hellip;]<\/p>\n","protected":false},"author":1,"featured_media":5749,"comment_status":"open","ping_status":"open","sticky":false,"template":"","format":"standard","meta":{"footnotes":""},"categories":[29],"tags":[],"class_list":["post-5748","post","type-post","status-publish","format-standard","has-post-thumbnail","hentry","category-inter-lojistik"],"_links":{"self":[{"href":"https:\/\/interlojistik.com.tr\/en\/wp-json\/wp\/v2\/posts\/5748","targetHints":{"allow":["GET"]}}],"collection":[{"href":"https:\/\/interlojistik.com.tr\/en\/wp-json\/wp\/v2\/posts"}],"about":[{"href":"https:\/\/interlojistik.com.tr\/en\/wp-json\/wp\/v2\/types\/post"}],"author":[{"embeddable":true,"href":"https:\/\/interlojistik.com.tr\/en\/wp-json\/wp\/v2\/users\/1"}],"replies":[{"embeddable":true,"href":"https:\/\/interlojistik.com.tr\/en\/wp-json\/wp\/v2\/comments?post=5748"}],"version-history":[{"count":1,"href":"https:\/\/interlojistik.com.tr\/en\/wp-json\/wp\/v2\/posts\/5748\/revisions"}],"predecessor-version":[{"id":5750,"href":"https:\/\/interlojistik.com.tr\/en\/wp-json\/wp\/v2\/posts\/5748\/revisions\/5750"}],"wp:featuredmedia":[{"embeddable":true,"href":"https:\/\/interlojistik.com.tr\/en\/wp-json\/wp\/v2\/media\/5749"}],"wp:attachment":[{"href":"https:\/\/interlojistik.com.tr\/en\/wp-json\/wp\/v2\/media?parent=5748"}],"wp:term":[{"taxonomy":"category","embeddable":true,"href":"https:\/\/interlojistik.com.tr\/en\/wp-json\/wp\/v2\/categories?post=5748"},{"taxonomy":"post_tag","embeddable":true,"href":"https:\/\/interlojistik.com.tr\/en\/wp-json\/wp\/v2\/tags?post=5748"}],"curies":[{"name":"wp","href":"https:\/\/api.w.org\/{rel}","templated":true}]}}