{"id":5774,"date":"2021-12-06T22:22:11","date_gmt":"2021-12-06T22:22:11","guid":{"rendered":"https:\/\/interlojistik.com.tr\/en\/?p=5774"},"modified":"2021-12-06T22:22:11","modified_gmt":"2021-12-06T22:22:11","slug":"ofis-ve-isyeri-nakliye-islemleri","status":"publish","type":"post","link":"https:\/\/interlojistik.com.tr\/en\/ofis-ve-isyeri-nakliye-islemleri","title":{"rendered":"Ofis ve \u0130\u015fyeri Nakliye \u0130\u015flemleri"},"content":{"rendered":"<p><strong>\u0130nter Nakliyat<\/strong><span>\u00a0<\/span>olarak ofis-i\u015fyeri e\u015fyalar\u0131n\u0131z\u0131 ertesi g\u00fcn adrese teslim ediyoruz. Ofis ve i\u015fyeri nakliye ile ilgili detaylar\u0131 i\u00e7eri\u011fimizden bulabilirsiniz.<br \/>\n<span id=\"more-1721\"><\/span><\/p>\n<p>Ofis ve i\u015fyeri ta\u015f\u0131nma i\u015flemleri yap\u0131l\u0131rken i\u015flerin \u00e7ok fazla aksamamas\u0131 i\u00e7in di\u011fer g\u00fcn e\u015fyalar\u0131n ta\u015f\u0131nma i\u015fleminin tesliminin yap\u0131lmas\u0131 gerekir. Ofis ve i\u015fyeri e\u015fyalar\u0131 hassas grupta yer al\u0131r. \u0130\u015fyerinde olan makinalar, ofiste bulunan bilgisayar- yaz\u0131c\u0131- evraklar- telefonlar veya di\u011fer elektronik aletlerin \u00f6zenle ta\u015f\u0131nmas\u0131 gerekir. Aksi takdirde firmay\u0131 maddi olarak zarara sokmakla birlikte zaman kayb\u0131 ya\u015fatt\u0131\u011f\u0131 i\u00e7in i\u015flerinin de aksamas\u0131na neden olacakt\u0131r.<\/p>\n<figure id=\"attachment_1723\" class=\"wp-caption alignnone\" aria-describedby=\"caption-attachment-1723\"><figcaption id=\"caption-attachment-1723\" class=\"wp-caption-text\">Ofis ve \u0130\u015fyeri Nakliye<\/figcaption><\/figure>\n<div id=\"toc_container\" class=\"toc_white no_bullets\">\n<p class=\"toc_title\">\u0130\u00e7indekiler<\/p>\n<ul class=\"toc_list\">\n<li><a href=\"https:\/\/interlojistik.com.tr\/en\/ofis-ve-isyeri-nakliye-islemleri#Ofis_ve_Isyeri_Nakliye_Islemleri\">Ofis ve \u0130\u015fyeri Nakliye \u0130\u015flemleri<\/a><\/li>\n<li><a href=\"https:\/\/interlojistik.com.tr\/en\/ofis-ve-isyeri-nakliye-islemleri#Ofis_ve_Isyeri_Esyalari_Nasil_Paketlenmeli\">Ofis ve \u0130\u015fyeri E\u015fyalar\u0131 Nas\u0131l Paketlenmeli?<\/a><\/li>\n<li><a href=\"https:\/\/interlojistik.com.tr\/en\/ofis-ve-isyeri-nakliye-islemleri#Ofis_ve_Isyeri_Nakliye_Asmalari\">Ofis ve \u0130\u015fyeri Nakliye A\u015fmalar\u0131<\/a><\/li>\n<li><a href=\"https:\/\/interlojistik.com.tr\/en\/ofis-ve-isyeri-nakliye-islemleri#Inter_Nakliyat_Ofis_ve_Isyeri_Tasimacilik_Hizmeti\">\u0130nter Nakliyat Ofis ve \u0130\u015fyeri Ta\u015f\u0131mac\u0131l\u0131k Hizmeti<\/a><\/li>\n<\/ul>\n<\/div>\n<p><img decoding=\"async\" class=\"my-2 mr-2 me-2 text-center img-fluid\" src=\"https:\/\/interlojistik.com.tr\/en\/view\/img\/blog\/ofis_tasima.jpg\" alt=\"\u0130nter Lojistik\" \/><span><\/span><\/p>\n<h2><span id=\"Ofis_ve_Isyeri_Nakliye_Islemleri\">Ofis ve \u0130\u015fyeri Nakliye \u0130\u015flemleri<\/span><\/h2>\n<p>Ofis ve i\u015fyeri ta\u015f\u0131mac\u0131l\u0131\u011f\u0131nda en b\u00fcy\u00fck k\u0131stas firman\u0131n i\u015flerinin kesintiye u\u011framamas\u0131 i\u00e7in h\u0131zl\u0131 bir \u015fekilde hizmet verilmesi gerekti\u011fidir. Hizmet s\u00fcresi uzad\u0131\u011f\u0131 ve nakliye esnas\u0131nda problemler \u00e7\u0131kt\u0131\u011f\u0131 s\u00fcrece hizmet alan i\u015fyerinin i\u015fleri kesintiye u\u011frayacakt\u0131r. Bu nedenle ofis ve i\u015fyeri<span>\u00a0<\/span><a href=\"http:\/\/internakliyat.com\/\" target=\"_blank\" rel=\"noopener\"><strong>nakliye<\/strong><\/a><span>\u00a0<\/span>i\u015flemlerinizi yapt\u0131raca\u011f\u0131n\u0131z firman\u0131n belli \u00f6zelliklere sahip olmas\u0131 gerekir. Firman\u0131n g\u00fcvenilir olmas\u0131, ofis veya i\u015fyeri e\u015fyalar\u0131n\u0131z\u0131n nakliyesi ger\u00e7ekle\u015fmeden \u00f6nce ta\u015f\u0131ma esnas\u0131nda zarar g\u00f6rmemesi i\u00e7in d\u00fczg\u00fcn paketleme yap\u0131yor olmas\u0131 gereklidir. D\u00fczg\u00fcn paketlenmemi\u015f e\u015fyalar\u0131n \u00e7o\u011funun nakliye esnas\u0131nda zarar g\u00f6rme olas\u0131l\u0131\u011f\u0131 y\u00fcksektir.<\/p>\n<h2><span id=\"Ofis_ve_Isyeri_Esyalari_Nasil_Paketlenmeli\">Ofis ve \u0130\u015fyeri E\u015fyalar\u0131 Nas\u0131l Paketlenmeli?<\/span><\/h2>\n<p>E\u015fyalar\u0131n hepsinin ta\u015f\u0131nmadan \u00f6nce zarar g\u00f6rmeyecek \u015fekilde paketlenmi\u015f olmas\u0131 gereklidir. Paketleme yap\u0131l\u0131rken kullan\u0131lan ambalaj\u0131n, paketleme malzemesinin kaliteli olmas\u0131 gerekir. Ofis ve i\u015fyeri mobilyalar\u0131n\u0131n zarar g\u00f6rmemesi i\u00e7in \u00f6zellikle kenar k\u0131s\u0131mlar\u0131na darbelerde ezilmeyi \u00f6nleyici \u00f6zel paketleme korumal\u0131klar\u0131 eklenmelidir. Bilgisayar gibi elektronik cihazlar e\u011fer \u00e7ok uzun yola gidecek ise i\u00e7 par\u00e7alar zarar g\u00f6rmesin veya sars\u0131lmas\u0131n diye ayr\u0131lmal\u0131d\u0131r. Elektronik \u00fcr\u00fcnler hassast\u0131r ve en ufak sars\u0131nt\u0131larda zarar g\u00f6rebilir. Bu y\u00fczden \u00f6zel paketleme yap\u0131lmal\u0131d\u0131r.<\/p>\n<h3><span id=\"Ofis_ve_Isyeri_Nakliye_Asmalari\">Ofis ve \u0130\u015fyeri Nakliye A\u015fmalar\u0131<\/span><\/h3>\n<ul>\n<li>Ofisi veya i\u015fyeri ta\u015f\u0131nacak olan ki\u015fi firma ile irtibata ge\u00e7ip \u00fccretsiz ekspertiz hizmeti istemelidir.<\/li>\n<li>Firman\u0131n ta\u015f\u0131nacak olan ofis veya i\u015fyerine g\u00f6nderdi\u011fi \u00fccretsiz ekspertiz g\u00f6revlisi ta\u015f\u0131nacak e\u015fyalar\u0131n miktar\u0131na ve \u00f6zelliklerine g\u00f6re bir nakliye plan\u0131 \u00e7\u0131karmal\u0131d\u0131r.<\/li>\n<li>Firma ve m\u00fc\u015fteri anla\u015f\u0131r ise ta\u015f\u0131nacak g\u00fcn i\u00e7in randevu al\u0131n\u0131r.<\/li>\n<li>Firma g\u00f6revlileri ta\u015f\u0131nman\u0131n yap\u0131laca\u011f\u0131 g\u00fcn randevu verilen saatte hizmete ba\u015flar.<\/li>\n<li>\u0130lk olarak t\u00fcm e\u015fyalar uygun ve sa\u011flam bir \u015fekilde paketlenir.<\/li>\n<li>Paketlenen e\u015fyalar nakliye arac\u0131na ta\u015f\u0131n\u0131r.<\/li>\n<li>Nakliye arac\u0131nda e\u015fyalar\u0131n sars\u0131lmamas\u0131 i\u00e7in do\u011fru bir \u015fekilde yerle\u015ftirilme yap\u0131lmal\u0131d\u0131r.<\/li>\n<li>E\u015fyalar\u0131n ta\u015f\u0131naca\u011f\u0131 adrese do\u011fru nakliye arac\u0131 yola \u00e7\u0131kar.<\/li>\n<li>Adrese var\u0131ld\u0131\u011f\u0131nda e\u015fyalar ara\u00e7tan indirilir ve yeni ofis- i\u015fyerine kurulumlar\u0131 yap\u0131l\u0131r.<\/li>\n<li>Nakliye hizmeti b\u00f6ylelikle sona ermi\u015f olur.<\/li>\n<\/ul>\n<h4><span id=\"Inter_Nakliyat_Ofis_ve_Isyeri_Tasimacilik_Hizmeti\">\u0130nter Nakliyat Ofis ve \u0130\u015fyeri Ta\u015f\u0131mac\u0131l\u0131k Hizmeti<\/span><\/h4>\n<p>G\u00fcvenilir, profesyonel, h\u0131zl\u0131, uygun fiyatl\u0131 ofis ve i\u015fyerinizin ta\u015f\u0131nmas\u0131 i\u00e7in hizmet almak istiyorsan\u0131z bize\u00a0<strong>444 61 85<\/strong>\u00a0nolu telefon numaram\u0131zdan veya\u00a0<strong>bilgi@interlojistik.com.tr<\/strong>\u00a0mail adresimizden ula\u015fabilirsiniz.<\/p>\n","protected":false},"excerpt":{"rendered":"<p>\u0130nter Nakliyat\u00a0olarak ofis-i\u015fyeri e\u015fyalar\u0131n\u0131z\u0131 ertesi g\u00fcn adrese teslim ediyoruz. Ofis ve i\u015fyeri nakliye ile ilgili detaylar\u0131 i\u00e7eri\u011fimizden bulabilirsiniz. Ofis ve i\u015fyeri ta\u015f\u0131nma i\u015flemleri yap\u0131l\u0131rken i\u015flerin \u00e7ok fazla aksamamas\u0131 i\u00e7in di\u011fer g\u00fcn e\u015fyalar\u0131n ta\u015f\u0131nma i\u015fleminin tesliminin yap\u0131lmas\u0131 gerekir. Ofis ve i\u015fyeri e\u015fyalar\u0131 hassas grupta yer al\u0131r. \u0130\u015fyerinde olan makinalar, ofiste bulunan bilgisayar- yaz\u0131c\u0131- evraklar- telefonlar veya [&hellip;]<\/p>\n","protected":false},"author":1,"featured_media":5775,"comment_status":"open","ping_status":"open","sticky":false,"template":"","format":"standard","meta":{"footnotes":""},"categories":[29],"tags":[],"class_list":["post-5774","post","type-post","status-publish","format-standard","has-post-thumbnail","hentry","category-inter-lojistik"],"_links":{"self":[{"href":"https:\/\/interlojistik.com.tr\/en\/wp-json\/wp\/v2\/posts\/5774","targetHints":{"allow":["GET"]}}],"collection":[{"href":"https:\/\/interlojistik.com.tr\/en\/wp-json\/wp\/v2\/posts"}],"about":[{"href":"https:\/\/interlojistik.com.tr\/en\/wp-json\/wp\/v2\/types\/post"}],"author":[{"embeddable":true,"href":"https:\/\/interlojistik.com.tr\/en\/wp-json\/wp\/v2\/users\/1"}],"replies":[{"embeddable":true,"href":"https:\/\/interlojistik.com.tr\/en\/wp-json\/wp\/v2\/comments?post=5774"}],"version-history":[{"count":1,"href":"https:\/\/interlojistik.com.tr\/en\/wp-json\/wp\/v2\/posts\/5774\/revisions"}],"predecessor-version":[{"id":5776,"href":"https:\/\/interlojistik.com.tr\/en\/wp-json\/wp\/v2\/posts\/5774\/revisions\/5776"}],"wp:featuredmedia":[{"embeddable":true,"href":"https:\/\/interlojistik.com.tr\/en\/wp-json\/wp\/v2\/media\/5775"}],"wp:attachment":[{"href":"https:\/\/interlojistik.com.tr\/en\/wp-json\/wp\/v2\/media?parent=5774"}],"wp:term":[{"taxonomy":"category","embeddable":true,"href":"https:\/\/interlojistik.com.tr\/en\/wp-json\/wp\/v2\/categories?post=5774"},{"taxonomy":"post_tag","embeddable":true,"href":"https:\/\/interlojistik.com.tr\/en\/wp-json\/wp\/v2\/tags?post=5774"}],"curies":[{"name":"wp","href":"https:\/\/api.w.org\/{rel}","templated":true}]}}