{"id":5780,"date":"2021-12-06T22:25:56","date_gmt":"2021-12-06T22:25:56","guid":{"rendered":"https:\/\/interlojistik.com.tr\/en\/?p=5780"},"modified":"2021-12-06T22:25:56","modified_gmt":"2021-12-06T22:25:56","slug":"turkiyeden-norvece-ev-tasima-islemleri-nasil-yapilir","status":"publish","type":"post","link":"https:\/\/interlojistik.com.tr\/en\/turkiyeden-norvece-ev-tasima-islemleri-nasil-yapilir","title":{"rendered":"T\u00fcrkiye\u2019den Norve\u00e7\u2019e Ev Ta\u015f\u0131ma \u0130\u015flemleri Nas\u0131l Yap\u0131l\u0131r?"},"content":{"rendered":"<p><strong>T\u00fcrkiye\u2019den Norve\u00e7\u2019e ev ta\u015f\u0131ma<\/strong>\u00a0i\u015flemleri nas\u0131l yap\u0131l\u0131r? hizmetin a\u015famalar\u0131 ve detaylar\u0131 nedir gibi sorular\u0131n cevaplar\u0131n\u0131 i\u00e7eri\u011fimizden bulabilirsiniz.<\/p>\n<p>De\u011fi\u015fimi \u00e7ok farkl\u0131 \u015fekilde hayatlar\u0131n\u0131za entegre edebilirsiniz. \u0130\u015f, e\u011fitim ya da farkl\u0131 nedenlerle yurt d\u0131\u015f\u0131nda ya\u015famak art\u0131k bir se\u00e7enek olarak insanlar\u0131n kar\u015f\u0131na \u00e7\u0131kabiliyor. Bu gibi bir durumda ise yurt d\u0131\u015f\u0131na ta\u015f\u0131nmak istemenizde gayet normaldir. Bu beklentinizi en do\u011fru \u015fekilde kar\u015f\u0131lamak amac\u0131 ile sizler harika \u00e7\u00f6z\u00fcmler sunan firmam\u0131z, se\u00e7eneklerinizi en do\u011fru \u015fekilde ya\u015faman\u0131za olanak sa\u011flar. \u00d6zel bir durum olan uluslararas\u0131 ev ta\u015f\u0131ma konusunda<\/p>\n<p>desteklerimiz, uzun y\u0131llardan beri m\u00fc\u015fterilerimizin tercihleri ile uzmanl\u0131k alan\u0131m\u0131z olmu\u015ftur. Beklentileri en iyi \u015fekilde kar\u015f\u0131layan \u0130nter Lojistik Grubu her zaman do\u011fru sonuca en k\u0131sa s\u00fcrede ula\u015f\u0131lmas\u0131na yard\u0131mc\u0131 olacak bir i\u015f ak\u0131\u015f\u0131 uygulamay\u0131 ba\u015farm\u0131\u015ft\u0131r. Bu da hayallerin ger\u00e7ekle\u015fmesinde g\u00fczel bir katk\u0131 anlam\u0131na gelecektir.<\/p>\n<p>T\u00fcrkiye\u2019den Norve\u00e7\u2019e Ev Ta\u015f\u0131ma \u0130\u015flemleri Nas\u0131l Yap\u0131l\u0131r?<\/p>\n<p>\u0130\u00e7indekiler<\/p>\n<ul>\n<li><a href=\"https:\/\/interlojistik.com.tr\/en\/turkiyeden-norvece-ev-tasima-islemleri-nasil-yapilir#Turkiyeden_Norvece_Ev_Tasima_Islemleri_Nasil_Yapilir\" target=\"_blank\" rel=\"noopener\">T\u00fcrkiye\u2019den Norve\u00e7\u2019e Ev Ta\u015f\u0131ma \u0130\u015flemleri Nas\u0131l Yap\u0131l\u0131r?<\/a><\/li>\n<li><a href=\"https:\/\/interlojistik.com.tr\/en\/turkiyeden-norvece-ev-tasima-islemleri-nasil-yapilir#TASIMA_ISLEMLERI_ASAMALARI\" target=\"_blank\" rel=\"noopener\">TA\u015eIMA \u0130\u015eLEMLER\u0130 A\u015eAMALARI<\/a><\/li>\n<li><a href=\"https:\/\/interlojistik.com.tr\/en\/turkiyeden-norvece-ev-tasima-islemleri-nasil-yapilir#EV_ESYALARININ_PAKETLENMESI\" target=\"_blank\" rel=\"noopener\">EV E\u015eYALARININ PAKETLENMES\u0130<\/a><\/li>\n<li><a href=\"https:\/\/interlojistik.com.tr\/en\/turkiyeden-norvece-ev-tasima-islemleri-nasil-yapilir#TASIMA_VE_GUMRUKLEME_ISLEMLERI\" target=\"_blank\" rel=\"noopener\">TA\u015eIMA VE G\u00dcMR\u00dcKLEME \u0130\u015eLEMLER\u0130<\/a><\/li>\n<li><a href=\"https:\/\/interlojistik.com.tr\/en\/turkiyeden-norvece-ev-tasima-islemleri-nasil-yapilir#NORVECDE_EV_ESYALARININ_EVE_KURULMASI\" target=\"_blank\" rel=\"noopener\">NORVE\u00c7\u2019DE EV E\u015eYALARININ EVE KURULMASI<\/a><\/li>\n<li><a href=\"https:\/\/interlojistik.com.tr\/en\/turkiyeden-norvece-ev-tasima-islemleri-nasil-yapilir#SONUC_8211_TURKIYEDEN_NORVECE_EV_ESYASI_TASINIR_MI\" target=\"_blank\" rel=\"noopener\">SONU\u00c7 \u2013 T\u00dcRK\u0130YE\u2019DEN NORVE\u00c7\u2019E EV E\u015eYASI TA\u015eINIR MI?<\/a><\/li>\n<\/ul>\n<h2><img decoding=\"async\" src=\"https:\/\/interlojistik.com.tr\/en\/view\/img\/blog\/norvec-1.jpg\" alt=\"\u0130nter Lojistik\" \/>T\u00fcrkiye\u2019den Norve\u00e7\u2019e Ev Ta\u015f\u0131ma \u0130\u015flemleri Nas\u0131l Yap\u0131l\u0131r?<\/h2>\n<p>T\u00fcrkiye\u2019den Norve\u00e7\u2019e ev ta\u015f\u0131mak istedi\u011finizde, en b\u00fcy\u00fck sorun e\u015fyalar\u0131n\u0131z\u0131 ne yapaca\u011f\u0131n\u0131z konusudur. Farkl\u0131 bir \u00fclke ve siz yeni e\u015fyalar almak yerine, T\u00fcrkiye\u2019de kulland\u0131\u011f\u0131n\u0131z e\u015fyalar\u0131n\u0131z\u0131 g\u00f6t\u00fcrmek isteyebilirsiniz. Bu da zaten en mant\u0131kl\u0131s\u0131 olacakt\u0131r. Bu a\u015famada ise yap\u0131lacak en \u00f6nemli \u015fey, izinlerin al\u0131narak, size destek olacak iyi bir lojistik firmas\u0131 ile anla\u015fman\u0131zd\u0131r. De\u011fi\u015fik sorunlar ve zaman kayb\u0131 ya\u015famamak ad\u0131na, do\u011fru firmay\u0131 se\u00e7meniz en iyi sonucu alman\u0131za katk\u0131 sa\u011flar.<\/p>\n<h2>TA\u015eIMA \u0130\u015eLEMLER\u0130 A\u015eAMALARI<\/h2>\n<p>Asl\u0131nda g\u00fcn\u00fcm\u00fczde ta\u015f\u0131nmak ciddi anlamda kolayla\u015ft\u0131. Bu yurt i\u00e7i ya da yurt d\u0131\u015f\u0131 olarak da ayn\u0131 \u015fekilde sonu\u00e7lar veriyor. \u0130nter Lojistik Grubu beklentilerinizi \u00e7ok iyi bildi\u011fi i\u00e7in en do\u011fru ve etkin sonu\u00e7lar\u0131 alman\u0131z\u0131 sa\u011flayacak \u015fekilde planlamalar ve hizmet \u00e7e\u015fitlili\u011fi sa\u011flar. Bu \u015fekilde Norve\u00e7\u2019e ta\u015f\u0131nmak da \u00e7ok kolay ve h\u0131zl\u0131 \u015fekilde ger\u00e7ekle\u015fir. Al\u0131nacak izinlerin ard\u0131ndan, sistemli bir \u015fekilde e\u015fyalar\u0131n\u0131z toparlanarak g\u00fcmr\u00fckleme i\u00e7in s\u0131n\u0131ra gidecektir.<\/p>\n<h3>EV E\u015eYALARININ PAKETLENMES\u0130<\/h3>\n<p>Ev E\u015fyalar\u0131n\u0131n Paketlenmesi<\/p>\n<p>E\u015fyalar\u0131n\u0131za gereken \u00f6zen ve itina g\u00f6sterilmektedir. Bunun i\u00e7i \u00f6zel paketleme ambalajlar\u0131, \u00f6zel bir ekip g\u00f6revlendirilir. Listeler halinde i\u015flemleriniz yap\u0131l\u0131r. G\u00fcmr\u00fckte sorun \u00e7\u0131kmayacak \u015fekilde ara\u00e7 i\u00e7i organizasyonu olu\u015fturulur. Bu sayede uluslararas\u0131 ev ta\u015f\u0131ma kurallar\u0131na uygun bir i\u015f ak\u0131\u015f\u0131 sa\u011flanm\u0131\u015f olur. Sizler de sorun ya\u015famayaca\u011f\u0131n\u0131z\u0131 bilir, do\u011fru olarak i\u015flemleri takip edebilirsiniz.<\/p>\n<h3>TA\u015eIMA VE G\u00dcMR\u00dcKLEME \u0130\u015eLEMLER\u0130<\/h3>\n<p>T\u00fcrkiye\u2019den Norve\u00e7\u2019e ev ta\u015f\u0131mak denildi\u011finde, art\u0131k g\u00f6z\u00fcn\u00fcz\u00fcn korkmamas\u0131 gerekti\u011fini biliyorsunuz. Belirgin bir \u015fekilde teknoloji kullan\u0131larak harika sonu\u00e7lar al\u0131nabiliyor. Bu \u015fekilde g\u00fcmr\u00fcklemede de sorun ya\u015fanm\u0131yor.<\/p>\n<p>\u0130stenilenleri sa\u011flad\u0131\u011f\u0131n\u0131zda, g\u00fcmr\u00fckleme sizin i\u00e7in basit bir i\u015f ak\u0131\u015f\u0131ndan ibarettir. Ancak bunu profesyonel bir \u015fekilde firmam\u0131z\u0131n da \u00e7\u00f6zebilece\u011fini belirtmek isteriz. \u0130zinler ile sorunsuz olarak yeni evinize e\u015fyalar\u0131n\u0131z g\u00f6nderilecektir.<\/p>\n<h3>NORVE\u00c7\u2019DE EV E\u015eYALARININ EVE KURULMASI<\/h3>\n<p>\u0130\u015fin kurulum a\u015famas\u0131 kafan\u0131z\u0131 kurcal\u0131yor olabilir. Dilerseniz hizmet paketinize bu ad\u0131m\u0131 da ilave edebilirsiniz. Norve\u00e7\u2019te kurulum ile ilgili s\u0131k\u0131nt\u0131 ya\u015fayabilece\u011finizi, do\u011fru elemanlar\u0131 ve te\u00e7hizat\u0131 bulamayaca\u011f\u0131n\u0131z\u0131 d\u00fc\u015f\u00fcn\u00fcyorsan\u0131z, kesinlikle \u0130nter Lojistik Grubundan destek alman\u0131z\u0131 \u00f6neririz. Bu sayede sorun ya\u015famayaca\u011f\u0131n\u0131za<\/p>\n<p>emin olabilirsiniz.<\/p>\n<h4>SONU\u00c7 \u2013 T\u00dcRK\u0130YE\u2019DEN NORVE\u00c7\u2019E EV E\u015eYASI TA\u015eINIR MI?<\/h4>\n<p>T\u00fcrkiye\u2019den sadece Norve\u00e7\u2019e de\u011fil, d\u00fcnyan\u0131n her yerine e\u015fyalar\u0131n\u0131z\u0131 ta\u015f\u0131yabilece\u011finizi bilmenizi isteriz. Bu \u00f6zel \u00e7al\u0131\u015fmalar, harika sonu\u00e7lar\u0131 k\u0131sa s\u00fcrede alman\u0131z\u0131 sa\u011flar. Bu a\u00e7\u0131dan bak\u0131ld\u0131\u011f\u0131nda, beklentiler ile \u00f6rt\u00fc\u015fen bir hizmet<\/p>\n<p>a\u011f\u0131 kar\u015f\u0131n\u0131za \u00e7\u0131kacakt\u0131r. T\u00fcm konularda detayl\u0131 bilgiler alabilmek ad\u0131na hemen bizimle ileti\u015fime ge\u00e7ebilirsiniz.<\/p>\n","protected":false},"excerpt":{"rendered":"<p>T\u00fcrkiye\u2019den Norve\u00e7\u2019e ev ta\u015f\u0131ma\u00a0i\u015flemleri nas\u0131l yap\u0131l\u0131r? hizmetin a\u015famalar\u0131 ve detaylar\u0131 nedir gibi sorular\u0131n cevaplar\u0131n\u0131 i\u00e7eri\u011fimizden bulabilirsiniz. De\u011fi\u015fimi \u00e7ok farkl\u0131 \u015fekilde hayatlar\u0131n\u0131za entegre edebilirsiniz. \u0130\u015f, e\u011fitim ya da farkl\u0131 nedenlerle yurt d\u0131\u015f\u0131nda ya\u015famak art\u0131k bir se\u00e7enek olarak insanlar\u0131n kar\u015f\u0131na \u00e7\u0131kabiliyor. Bu gibi bir durumda ise yurt d\u0131\u015f\u0131na ta\u015f\u0131nmak istemenizde gayet normaldir. Bu beklentinizi en do\u011fru \u015fekilde [&hellip;]<\/p>\n","protected":false},"author":1,"featured_media":5781,"comment_status":"open","ping_status":"open","sticky":false,"template":"","format":"standard","meta":{"footnotes":""},"categories":[29],"tags":[],"class_list":["post-5780","post","type-post","status-publish","format-standard","has-post-thumbnail","hentry","category-inter-lojistik"],"_links":{"self":[{"href":"https:\/\/interlojistik.com.tr\/en\/wp-json\/wp\/v2\/posts\/5780","targetHints":{"allow":["GET"]}}],"collection":[{"href":"https:\/\/interlojistik.com.tr\/en\/wp-json\/wp\/v2\/posts"}],"about":[{"href":"https:\/\/interlojistik.com.tr\/en\/wp-json\/wp\/v2\/types\/post"}],"author":[{"embeddable":true,"href":"https:\/\/interlojistik.com.tr\/en\/wp-json\/wp\/v2\/users\/1"}],"replies":[{"embeddable":true,"href":"https:\/\/interlojistik.com.tr\/en\/wp-json\/wp\/v2\/comments?post=5780"}],"version-history":[{"count":1,"href":"https:\/\/interlojistik.com.tr\/en\/wp-json\/wp\/v2\/posts\/5780\/revisions"}],"predecessor-version":[{"id":5782,"href":"https:\/\/interlojistik.com.tr\/en\/wp-json\/wp\/v2\/posts\/5780\/revisions\/5782"}],"wp:featuredmedia":[{"embeddable":true,"href":"https:\/\/interlojistik.com.tr\/en\/wp-json\/wp\/v2\/media\/5781"}],"wp:attachment":[{"href":"https:\/\/interlojistik.com.tr\/en\/wp-json\/wp\/v2\/media?parent=5780"}],"wp:term":[{"taxonomy":"category","embeddable":true,"href":"https:\/\/interlojistik.com.tr\/en\/wp-json\/wp\/v2\/categories?post=5780"},{"taxonomy":"post_tag","embeddable":true,"href":"https:\/\/interlojistik.com.tr\/en\/wp-json\/wp\/v2\/tags?post=5780"}],"curies":[{"name":"wp","href":"https:\/\/api.w.org\/{rel}","templated":true}]}}