{"id":5794,"date":"2021-12-06T22:33:32","date_gmt":"2021-12-06T22:33:32","guid":{"rendered":"https:\/\/interlojistik.com.tr\/en\/?p=5794"},"modified":"2021-12-06T22:33:32","modified_gmt":"2021-12-06T22:33:32","slug":"turkiyeden-ispanyaya-ev-esyasi-tasimak","status":"publish","type":"post","link":"https:\/\/interlojistik.com.tr\/en\/turkiyeden-ispanyaya-ev-esyasi-tasimak","title":{"rendered":"T\u00fcrkiye\u2019den \u0130spanya\u2019ya Ev E\u015fyas\u0131 Ta\u015f\u0131mak"},"content":{"rendered":"<p><strong>T\u00fcrkiye\u2019den \u0130spanya\u2019ya ev e\u015fyas\u0131 ta\u015f\u0131mak<\/strong><span>\u00a0<\/span>ile ilgili gelen sorular\u0131n\u0131za bu yaz\u0131m\u0131zda cevap vermeye \u00e7al\u0131\u015faca\u011f\u0131z. De\u011fi\u015fik \u00fclkelere ta\u015f\u0131nman\u0131n art\u0131k ola\u011fan oldu\u011fu d\u00fcnyam\u0131zda, \u00fclkemizde nas\u0131l i\u015flemler uygulan\u0131yor?<\/p>\n<p>Genel olarak eskiden bir ilden ba\u015fka bir ile ta\u015f\u0131nmak bile zorlu s\u00fcre\u00e7lerdi. Ancak bug\u00fcn gelinen noktada, d\u00fcnyan\u0131n herhangi bir yerine ta\u015f\u0131nmak, oraya e\u015fyalar\u0131n\u0131z\u0131 da g\u00f6t\u00fcrmek bir sorun olmaktan \u00e7\u0131kt\u0131.<span>\u00a0<\/span><strong>Yurt d\u0131\u015f\u0131na ta\u015f\u0131nmak<span>\u00a0<\/span><\/strong>konusunda uzmanla\u015fan lojistik firmalar\u0131 sayesinde, d\u00fcnyan\u0131n her yerine yerle\u015fmeniz m\u00fcmk\u00fcn. Buna \u0130spanya\u2019da dahil. Diledi\u011finiz \u00fclkeye<span>\u00a0<\/span><strong>uluslararas\u0131 ev ta\u015f\u0131ma<\/strong><span>\u00a0<\/span>kurallar\u0131na uygun olarak sizler de ta\u015f\u0131nabilirsiniz. Bunun i\u00e7in yapman\u0131z gerekenler ise \u00e7ok basittir. \u00d6ncelikle<span>\u00a0<\/span><strong>\u0130nter Lojistik Grubu<\/strong><span>\u00a0<\/span>olarak bir \u00f6n g\u00f6r\u00fc\u015fme ile s\u00fcreci ba\u015flatabiliriz. Sonras\u0131nda e\u015fyalar\u0131n\u0131z i\u00e7in nas\u0131l al\u0131nmas\u0131 gerekti\u011fini sizlere aktar\u0131r\u0131z. T\u00fcm bu i\u015flemler s\u0131ras\u0131nda size en iyi \u015fekilde destek olmaya \u00e7al\u0131\u015f\u0131r\u0131z.<\/p>\n<p>\u0130spanya\u2019ya Ev E\u015fyas\u0131 Ta\u015f\u0131mak<\/p>\n<p>\u0130\u00e7indekiler<\/p>\n<ul>\n<li><a href=\"https:\/\/interlojistik.com.tr\/en\/turkiyeden-ispanyaya-ev-esyasi-tasimak#TURKIYEDEN_ISPANYAYA_EV_ESYASI_TASIMAK\" target=\"_blank\" rel=\"noopener\">T\u00dcRK\u0130YE\u2019DEN \u0130SPANYA\u2019YA EV E\u015eYASI TA\u015eIMAK<\/a><\/li>\n<li><a href=\"https:\/\/interlojistik.com.tr\/en\/turkiyeden-ispanyaya-ev-esyasi-tasimak#TASIMA_ISLEMLERI_ASAMALARI\" target=\"_blank\" rel=\"noopener\">TA\u015eIMA \u0130\u015eLEMLER\u0130 A\u015eAMALARI<\/a><\/li>\n<li><a href=\"https:\/\/interlojistik.com.tr\/en\/turkiyeden-ispanyaya-ev-esyasi-tasimak#EV_ESYALARININ_PAKETLENMESI\" target=\"_blank\" rel=\"noopener\">EV E\u015eYALARININ PAKETLENMES\u0130<\/a><\/li>\n<li><a href=\"https:\/\/interlojistik.com.tr\/en\/turkiyeden-ispanyaya-ev-esyasi-tasimak#TASIMA_VE_GUMRUKLEME_ISLEMLERI\" target=\"_blank\" rel=\"noopener\">TA\u015eIMA VE G\u00dcMR\u00dcKLEME \u0130\u015eLEMLER\u0130<\/a><\/li>\n<li><a href=\"https:\/\/interlojistik.com.tr\/en\/turkiyeden-ispanyaya-ev-esyasi-tasimak#ISPANYADA_EV_ESYALARININ_EVE_KURULMASI\" target=\"_blank\" rel=\"noopener\">\u0130SPANYA\u2019DA EV E\u015eYALARININ EVE KURULMASI<\/a><\/li>\n<li><a href=\"https:\/\/interlojistik.com.tr\/en\/turkiyeden-ispanyaya-ev-esyasi-tasimak#SONUC_8211_TURKIYEDEN_ISPANYAYA_EV_ESYASI_TASINIR_MI\" target=\"_blank\" rel=\"noopener\">SONU\u00c7 \u2013 T\u00dcRK\u0130YE\u2019DEN \u0130SPANYA\u2019YA EV E\u015eYASI TA\u015eINIR MI?<\/a><\/li>\n<\/ul>\n<h1><strong>T\u00dcRK\u0130YE\u2019DEN \u0130SPANYA\u2019YA EV E\u015eYASI TA\u015eIMAK<\/strong><\/h1>\n<p><strong>T\u00fcrkiye\u2019den \u0130spanya\u2019ya ev ta\u015f\u0131mak<\/strong><span>\u00a0<\/span>istedi\u011finizde ilk ad\u0131m\u0131 konsolosluk ba\u015fvurusu ile yapman\u0131z gerekir. Bu a\u015famada istenilen belgeleri doldurup, gerekli izinler al\u0131nacakt\u0131r. Sonras\u0131nda e\u015fyalar\u0131n\u0131z\u0131n yurtd\u0131\u015f\u0131na \u00e7\u0131k\u0131\u015f\u0131 konusu g\u00fcndeme gelecektir.<\/p>\n<h2><strong>TA\u015eIMA \u0130\u015eLEMLER\u0130 A\u015eAMALARI<\/strong><\/h2>\n<p>Ba\u015far\u0131l\u0131 bir \u015fekilde y\u00f6netildi\u011finde, t\u00fcm bu i\u015flemler birka\u00e7 g\u00fcn i\u00e7inde \u00e7\u00f6z\u00fcmlenir. \u0130zinlerin ard\u0131ndan, uzman personelimiz evinize gelerek e\u015fyalar\u0131 paketleyecektir. Do\u011fru ve listeli \u015fekilde e\u015fyalar y\u00fckleme ve ta\u015f\u0131ma arac\u0131na al\u0131nacakt\u0131r. G\u00fcmr\u00fcklemenin ard\u0131ndan ise son durak \u0130spanya\u2019da ki eviniz olacakt\u0131r.<span>\u00a0<\/span><strong>\u0130nter Lojistik Grubu<\/strong><span>\u00a0<\/span>olarak i\u015flemlerin t\u00fcm a\u015famas\u0131nda size destek oluyoruz. T\u00fcm s\u00fcrecin y\u00f6nteminde en ufak bir sorun olmamas\u0131na \u00f6zen g\u00f6steriyoruz.<\/p>\n<h3><strong>EV E\u015eYALARININ PAKETLENMES\u0130<\/strong><\/h3>\n<p>T\u00fcm resmi izinlerden sonra asl\u0131nda \u00f6nemli bir detaya geliyoruz. Ev e\u015fyalar\u0131n\u0131n paketlenmesi. Bu a\u015fama do\u011fru ve sistemli \u015fekilde yap\u0131lmak zorunda. Aksi takdirde e\u015fyalar\u0131n\u0131z uzun yol boyunca ciddi hasarlara u\u011frayabilir. Bu nedenle daha \u00f6zel ve nizami \u015fekilde paketlenmektedirler. Ayr\u0131ca e\u015fyalar\u0131n\u0131z seyahat s\u00fcrecinde sorunla kar\u015f\u0131la\u015f\u0131lmas\u0131na kar\u015f\u0131 sigortalanmaktad\u0131r. Maddi ve manevi olarak tazminat al\u0131nmas\u0131 da s\u00f6z konusu olacakt\u0131r.<\/p>\n<h4><strong>TA\u015eIMA VE G\u00dcMR\u00dcKLEME \u0130\u015eLEMLER\u0130<\/strong><\/h4>\n<p><strong>T\u00fcrkiye\u2019den \u0130spanya\u2019ya ev ta\u015f\u0131mak<\/strong><span>\u00a0<\/span>denildi\u011finde, farkl\u0131 soru ve sorunlar\u0131n\u0131z olabilir. Bunlar\u0131n ba\u015f\u0131nda ise g\u00fcmr\u00fck i\u015flemleri gelecektir. Bu a\u015fama, sizin alaca\u011f\u0131n\u0131z izin belgesi ve bizlerin e\u015fyalar\u0131 g\u00fcmr\u00fckten ge\u00e7irme uzmanl\u0131\u011f\u0131m\u0131z ile neticelenecektir. Bu \u015fekilde ev e\u015fyalar\u0131n\u0131z g\u00fcmr\u00fcklemede de bir sorun ya\u015famadan, \u0130spanya\u2019da ki yeni evinize ula\u015ft\u0131r\u0131lmak \u00fczere yola \u00e7\u0131kacakt\u0131r.<\/p>\n<h5><strong>\u0130SPANYA\u2019DA EV E\u015eYALARININ EVE KURULMASI<\/strong><\/h5>\n<p>Bu \u00f6zel i\u015flem, alan\u0131nda uzman ki\u015filer taraf\u0131ndan yap\u0131lmal\u0131d\u0131r. Se\u00e7enekleri \u0130spanya\u2019da az olmas\u0131 nedeni ile bu tarz bir sorun ya\u015fayabilirsiniz. Ancak \u0130nter Lojistik Grubu olarak sizlere en do\u011fru ve sonu\u00e7 odakl\u0131 hizmeti sa\u011flayaca\u011f\u0131m\u0131z\u0131 belirtmek isteriz. Bu nedenle alaca\u011f\u0131n\u0131z hizmete dilerseniz evinizin yerle\u015ftirilmesi ve e\u015fyalar\u0131n\u0131z\u0131n uygun \u015fekilde kurulmas\u0131n\u0131 da dahil edebilirsiniz.<\/p>\n<h6><strong>SONU\u00c7 \u2013 T\u00dcRK\u0130YE\u2019DEN \u0130SPANYA\u2019YA EV E\u015eYASI TA\u015eINIR MI?<\/strong><\/h6>\n<p>Bekledi\u011finiz ve sonu\u00e7 almak istedi\u011finiz bu s\u00fcre\u00e7te, olumlu geli\u015fmeleri ya\u015fayacaks\u0131n\u0131z. Art\u0131k \u0130spanya\u2019ya giderek evinizi tutabilir, yeni hayat\u0131n\u0131z i\u00e7in g\u00fczel bir ad\u0131m atabilirsiniz. Bu \u015fekilde firmam\u0131z ile h\u0131zl\u0131 bir s\u00fcre\u00e7le yeni \u00fclkenizde ve yeni evinizde ya\u015famaya ba\u015flayabilirsiniz. Bu konular hakk\u0131nda kafan\u0131za tak\u0131lan t\u00fcm sorular\u0131 an\u0131nda bize y\u00f6neltebilirsiniz. Daha detayl\u0131 bilgi almak i\u00e7in ileti\u015fime ge\u00e7iniz.<\/p>\n","protected":false},"excerpt":{"rendered":"<p>T\u00fcrkiye\u2019den \u0130spanya\u2019ya ev e\u015fyas\u0131 ta\u015f\u0131mak\u00a0ile ilgili gelen sorular\u0131n\u0131za bu yaz\u0131m\u0131zda cevap vermeye \u00e7al\u0131\u015faca\u011f\u0131z. De\u011fi\u015fik \u00fclkelere ta\u015f\u0131nman\u0131n art\u0131k ola\u011fan oldu\u011fu d\u00fcnyam\u0131zda, \u00fclkemizde nas\u0131l i\u015flemler uygulan\u0131yor? Genel olarak eskiden bir ilden ba\u015fka bir ile ta\u015f\u0131nmak bile zorlu s\u00fcre\u00e7lerdi. Ancak bug\u00fcn gelinen noktada, d\u00fcnyan\u0131n herhangi bir yerine ta\u015f\u0131nmak, oraya e\u015fyalar\u0131n\u0131z\u0131 da g\u00f6t\u00fcrmek bir sorun olmaktan \u00e7\u0131kt\u0131.\u00a0Yurt d\u0131\u015f\u0131na ta\u015f\u0131nmak\u00a0konusunda [&hellip;]<\/p>\n","protected":false},"author":1,"featured_media":5752,"comment_status":"open","ping_status":"open","sticky":false,"template":"","format":"standard","meta":{"footnotes":""},"categories":[29],"tags":[],"class_list":["post-5794","post","type-post","status-publish","format-standard","has-post-thumbnail","hentry","category-inter-lojistik"],"_links":{"self":[{"href":"https:\/\/interlojistik.com.tr\/en\/wp-json\/wp\/v2\/posts\/5794","targetHints":{"allow":["GET"]}}],"collection":[{"href":"https:\/\/interlojistik.com.tr\/en\/wp-json\/wp\/v2\/posts"}],"about":[{"href":"https:\/\/interlojistik.com.tr\/en\/wp-json\/wp\/v2\/types\/post"}],"author":[{"embeddable":true,"href":"https:\/\/interlojistik.com.tr\/en\/wp-json\/wp\/v2\/users\/1"}],"replies":[{"embeddable":true,"href":"https:\/\/interlojistik.com.tr\/en\/wp-json\/wp\/v2\/comments?post=5794"}],"version-history":[{"count":1,"href":"https:\/\/interlojistik.com.tr\/en\/wp-json\/wp\/v2\/posts\/5794\/revisions"}],"predecessor-version":[{"id":5795,"href":"https:\/\/interlojistik.com.tr\/en\/wp-json\/wp\/v2\/posts\/5794\/revisions\/5795"}],"wp:featuredmedia":[{"embeddable":true,"href":"https:\/\/interlojistik.com.tr\/en\/wp-json\/wp\/v2\/media\/5752"}],"wp:attachment":[{"href":"https:\/\/interlojistik.com.tr\/en\/wp-json\/wp\/v2\/media?parent=5794"}],"wp:term":[{"taxonomy":"category","embeddable":true,"href":"https:\/\/interlojistik.com.tr\/en\/wp-json\/wp\/v2\/categories?post=5794"},{"taxonomy":"post_tag","embeddable":true,"href":"https:\/\/interlojistik.com.tr\/en\/wp-json\/wp\/v2\/tags?post=5794"}],"curies":[{"name":"wp","href":"https:\/\/api.w.org\/{rel}","templated":true}]}}