{"id":5796,"date":"2021-12-06T22:34:45","date_gmt":"2021-12-06T22:34:45","guid":{"rendered":"https:\/\/interlojistik.com.tr\/en\/?p=5796"},"modified":"2021-12-06T22:34:45","modified_gmt":"2021-12-06T22:34:45","slug":"turkiyeden-fransaya-ev-esyasi-tasimak","status":"publish","type":"post","link":"https:\/\/interlojistik.com.tr\/en\/turkiyeden-fransaya-ev-esyasi-tasimak","title":{"rendered":"T\u00fcrkiye\u2019den Fransa\u2019ya Ev E\u015fyas\u0131 Ta\u015f\u0131mak"},"content":{"rendered":"<p><strong>T\u00fcrkiye\u2019den Fransa\u2019ya ev e\u015fyas\u0131 ta\u015f\u0131mak<\/strong><span>\u00a0<\/span>dedi\u011finiz zaman, bir\u00e7o\u011funuz i\u00e7in ciddi anlamda zor bir s\u00fcre\u00e7 akla gelebilir. Ancak g\u00fcn\u00fcm\u00fczde bu i\u015flemler olduk\u00e7a kolay ve h\u0131zl\u0131 \u015fekilde \u00e7\u00f6z\u00fcmlenebilmektedir.<\/p>\n<p>T\u00fcrkiye\u2019den Fransa\u2019ya Ev Ta\u015f\u0131mak<\/p>\n<p>Genel olarak bak\u0131ld\u0131\u011f\u0131nda, art\u0131k d\u00fcnya \u00e7ok k\u00fc\u00e7\u00fcld\u00fc. De\u011fi\u015fik yerlere gidi ya\u015famak, eskisinden oldu\u011fundan \u00e7ok daha kolay. Gitmek gelmek neyse de,<span>\u00a0<\/span><strong>yurtd\u0131\u015f\u0131na ta\u015f\u0131nmak<span>\u00a0<\/span><\/strong>da m\u0131 kolay diyebilirsiniz. Evet art\u0131k bu konuda da bir\u00e7ok i\u015flemi, s\u00fcreci do\u011fru \u015fekilde yaparsan\u0131z, an\u0131nda sonu\u00e7 alabiliyorsunuz. Elbette ki<span>\u00a0<\/span><strong>uluslararas\u0131 ev ta\u015f\u0131ma<\/strong><span>\u00a0<\/span>i\u015flemlerinde ilgili \u00fclkeden izin alman\u0131z yine gerekmekte. Ancak g\u00fcmr\u00fck ve nakliye i\u015flemleri ise eskisinden \u00e7ok daha h\u0131zl\u0131 ve do\u011fru \u015fekilde yap\u0131labiliyor.<span>\u00a0<\/span><strong>\u0130nter Lojistik Grubu<\/strong><span>\u00a0<\/span>olarak t\u00fcm bu a\u015famalarda sizlerin yan\u0131n\u0131zday\u0131z. Fransa ya da ba\u015fka bir \u00fclkeye e\u015fyalar\u0131n\u0131z\u0131 g\u00f6t\u00fcrmek istedi\u011finizde an\u0131nda sizlere destek olabiliyoruz.<\/p>\n<p>\u0130\u00e7indekiler<\/p>\n<ul>\n<li><a href=\"https:\/\/interlojistik.com.tr\/en\/turkiyeden-fransaya-ev-esyasi-tasimak#TURKIYEDEN_FRANSAYA_EV_ESYASI_TASIMAK\" target=\"_blank\" rel=\"noopener\">T\u00dcRK\u0130YE\u2019DEN FRANSA\u2019YA EV E\u015eYASI TA\u015eIMAK<\/a><\/li>\n<li><a href=\"https:\/\/interlojistik.com.tr\/en\/turkiyeden-fransaya-ev-esyasi-tasimak#TASIMA_ISLEMLERI_ASAMALARI\" target=\"_blank\" rel=\"noopener\">TA\u015eIMA \u0130\u015eLEMLER\u0130 A\u015eAMALARI<\/a><\/li>\n<li><a href=\"https:\/\/interlojistik.com.tr\/en\/turkiyeden-fransaya-ev-esyasi-tasimak#EV_ESYALARININ_PAKETLENMESI\" target=\"_blank\" rel=\"noopener\">EV E\u015eYALARININ PAKETLENMES\u0130<\/a><\/li>\n<li><a href=\"https:\/\/interlojistik.com.tr\/en\/turkiyeden-fransaya-ev-esyasi-tasimak#TASIMA_VE_GUMRUKLEME_ISLEMLERI\" target=\"_blank\" rel=\"noopener\">TA\u015eIMA VE G\u00dcMR\u00dcKLEME \u0130\u015eLEMLER\u0130<\/a><\/li>\n<li><a href=\"https:\/\/interlojistik.com.tr\/en\/turkiyeden-fransaya-ev-esyasi-tasimak#FRANSADA_EV_ESYALARININ_EVE_KURULMASI\" target=\"_blank\" rel=\"noopener\">FRANSA\u2019DA EV E\u015eYALARININ EVE KURULMASI<\/a><\/li>\n<li><a href=\"https:\/\/interlojistik.com.tr\/en\/turkiyeden-fransaya-ev-esyasi-tasimak#SONUC_8211_TURKIYEDEN_FRANSAYA_EV_ESYASI_TASINIR_MI\" target=\"_blank\" rel=\"noopener\">SONU\u00c7 \u2013 T\u00dcRK\u0130YE\u2019DEN FRANSA\u2019YA EV E\u015eYASI TA\u015eINIR MI?<\/a><\/li>\n<\/ul>\n<h1><strong>T\u00dcRK\u0130YE\u2019DEN FRANSA\u2019YA EV E\u015eYASI TA\u015eIMAK<\/strong><\/h1>\n<p><strong>T\u00fcrkiye\u2019den Fransa\u2019ya ev ta\u015f\u0131mak<\/strong><span>\u00a0<\/span>istedi\u011finizde, \u00f6ncelikle Fransa konsoloslu\u011funa oturma ve ev e\u015fyalar\u0131n\u0131z\u0131 g\u00f6t\u00fcrmek i\u00e7in ba\u015fvuru yapars\u0131n\u0131z. Bu i\u015flemler s\u0131ras\u0131nda sizden baz\u0131 \u00f6zel evraklar istenecektir. Bunlar\u0131 haz\u0131rlad\u0131\u011f\u0131n\u0131zda, genellikle izinler h\u0131zl\u0131 \u015fekilde onaylan\u0131r. Bu nedenle yurt d\u0131\u015f\u0131na ta\u015f\u0131nmak art\u0131k \u00e7ok h\u0131zl\u0131 ve kolayla\u015ft\u0131 diyebiliriz.<\/p>\n<h2><strong>TA\u015eIMA \u0130\u015eLEMLER\u0130 A\u015eAMALARI<\/strong><\/h2>\n<p>\u0130\u015flem a\u015famalar\u0131 s\u0131ralamas\u0131n\u0131 do\u011fru takip etmeniz gerekiyor. Bu konuda da<span>\u00a0<\/span><strong>\u0130nter Lojistik Grubu<\/strong><span>\u00a0<\/span>olarak sizlere yard\u0131mc\u0131 oluyoruz. Sadece bir nakliye firmas\u0131 olarak de\u011fil, bir \u00e7\u00f6z\u00fcm orta\u011f\u0131 olarak t\u00fcm i\u015flemlerinizi en do\u011fru \u015fekilde ger\u00e7ekle\u015ftirmek ad\u0131na \u00e7aba harc\u0131yoruz. Sizler de kafan\u0131z rahat bir bi\u00e7imde, Fransa\u2019da i\u015f ya da okul hayat\u0131n\u0131za devam edebiliyorsunuz.<\/p>\n<h3><strong>EV E\u015eYALARININ PAKETLENMES\u0130<\/strong><\/h3>\n<p>Resmi i\u015flemlerin ard\u0131ndan al\u0131nan onay, art\u0131k e\u015fyalar\u0131n\u0131z\u0131n toplanmas\u0131 ile devam edecektir. Bu ise bizim uzmanl\u0131k alan\u0131m\u0131za giriyor. T\u00fcm e\u015fyalar ciddi bir \u015fekilde paketlenecek, listelenerek ara\u00e7 i\u00e7inde onlara ayr\u0131lan yerlere yerle\u015ftirilecektir. Bu \u015fekilde uzun bir yolculu\u011fa da haz\u0131r olacakt\u0131r. Genel olarak e\u015fyalar\u0131n derlenip toplanmas\u0131, de monte edilmesi firmam\u0131z taraf\u0131ndan yap\u0131l\u0131yor. Ancak dilerseniz bu hizmeti almayabiliyorsunuz.<\/p>\n<p>Fransa\u2019ya Ev Ta\u015f\u0131mak<\/p>\n<h4><strong>TA\u015eIMA VE G\u00dcMR\u00dcKLEME \u0130\u015eLEMLER\u0130<\/strong><\/h4>\n<p><strong>T\u00fcrkiye\u2019den Fransa\u2019ya ev ta\u015f\u0131mak<span>\u00a0<\/span><\/strong>i\u00e7in art\u0131k i\u015flemlerin \u00e7o\u011fu bitti. \u015eimdi s\u0131ra geldi e\u015fyalar\u0131n\u0131z\u0131n g\u00fcmr\u00fck \u00e7\u0131k\u0131\u015flar\u0131n\u0131n yap\u0131lmas\u0131na. Al\u0131nan izin belgesi do\u011frultusunda t\u00fcm e\u015fyalar istif edilerek, g\u00fcmr\u00fck memurunun istedi\u011fi \u015fekilde yerle\u015ftirilmi\u015f olacakt\u0131r. Bu i\u015flemler uzman ekibimiz taraf\u0131ndan yap\u0131l\u0131r. Etkin ve k\u0131sa s\u00fcreli bir ayar ile g\u00fcmr\u00fck ge\u00e7i\u015fleriniz de yap\u0131lm\u0131\u015f olacakt\u0131r.<\/p>\n<h5><strong>FRANSA\u2019DA EV E\u015eYALARININ EVE KURULMASI<\/strong><\/h5>\n<p>Uzun bir yolculuk sonras\u0131, e\u015fyalar\u0131n\u0131z g\u00fcvenli bir \u015fekilde Fransa\u2019da ki evinize ula\u015ft\u0131. \u015eimdi dilerseniz evinize e\u015fyalar\u0131 ta\u015f\u0131yarak, kurulumu ekibimizce yapabiliyoruz. Dilerseniz sadece e\u015fyalar\u0131n\u0131z\u0131 indirip b\u0131rakabiliyoruz. Bu tamamen m\u00fc\u015fterilerimizin almak istedi\u011fi hizmet ile alakal\u0131 olarak de\u011fi\u015fiyor. Bu nedenle opsiyonel bir hizmet paketi kullanmak bizim de tercihimiz oluyor. Bu \u015fekilde kullan\u0131c\u0131 alaca\u011f\u0131 hizmeti ve \u00f6deyece\u011fi hizmet bedelini daha en ba\u015f\u0131ndan bilip, belirleyebiliyor.<\/p>\n<h6><strong>SONU\u00c7 \u2013 T\u00dcRK\u0130YE\u2019DEN FRANSA\u2019YA EV E\u015eYASI TA\u015eINIR MI?<\/strong><\/h6>\n<p>T\u00fcm a\u015famalar\u0131n detayl\u0131 \u015fekilde anlat\u0131ld\u0131\u011f\u0131 makalemizden de anlayaca\u011f\u0131n\u0131z \u00fczere,<span>\u00a0<\/span><strong>T\u00fcrkiye\u2019den Fransa\u2019ya ev e\u015fyas\u0131 ta\u015f\u0131mak<\/strong><span>\u00a0<\/span>m\u00fcmk\u00fcnd\u00fcr. Elbette ki t\u00fcm yurt d\u0131\u015f\u0131 hizmetler gibi bunun da baz\u0131 ko\u015ful ve \u00f6n i\u015flemleri oluyor.<span>\u00a0<\/span><a href=\"https:\/\/interlojistik.com.tr\/en\/iletisim\" target=\"_blank\" rel=\"noopener\">T\u00fcm bunlar hakk\u0131nda daha ayr\u0131nt\u0131l\u0131 bilgi almak i\u00e7in uzmanlar\u0131m\u0131zla ileti\u015fim kurabilirsiniz.<\/a><\/p>\n","protected":false},"excerpt":{"rendered":"<p>T\u00fcrkiye\u2019den Fransa\u2019ya ev e\u015fyas\u0131 ta\u015f\u0131mak\u00a0dedi\u011finiz zaman, bir\u00e7o\u011funuz i\u00e7in ciddi anlamda zor bir s\u00fcre\u00e7 akla gelebilir. Ancak g\u00fcn\u00fcm\u00fczde bu i\u015flemler olduk\u00e7a kolay ve h\u0131zl\u0131 \u015fekilde \u00e7\u00f6z\u00fcmlenebilmektedir. T\u00fcrkiye\u2019den Fransa\u2019ya Ev Ta\u015f\u0131mak Genel olarak bak\u0131ld\u0131\u011f\u0131nda, art\u0131k d\u00fcnya \u00e7ok k\u00fc\u00e7\u00fcld\u00fc. De\u011fi\u015fik yerlere gidi ya\u015famak, eskisinden oldu\u011fundan \u00e7ok daha kolay. Gitmek gelmek neyse de,\u00a0yurtd\u0131\u015f\u0131na ta\u015f\u0131nmak\u00a0da m\u0131 kolay diyebilirsiniz. Evet art\u0131k [&hellip;]<\/p>\n","protected":false},"author":1,"featured_media":5749,"comment_status":"open","ping_status":"open","sticky":false,"template":"","format":"standard","meta":{"footnotes":""},"categories":[29],"tags":[],"class_list":["post-5796","post","type-post","status-publish","format-standard","has-post-thumbnail","hentry","category-inter-lojistik"],"_links":{"self":[{"href":"https:\/\/interlojistik.com.tr\/en\/wp-json\/wp\/v2\/posts\/5796","targetHints":{"allow":["GET"]}}],"collection":[{"href":"https:\/\/interlojistik.com.tr\/en\/wp-json\/wp\/v2\/posts"}],"about":[{"href":"https:\/\/interlojistik.com.tr\/en\/wp-json\/wp\/v2\/types\/post"}],"author":[{"embeddable":true,"href":"https:\/\/interlojistik.com.tr\/en\/wp-json\/wp\/v2\/users\/1"}],"replies":[{"embeddable":true,"href":"https:\/\/interlojistik.com.tr\/en\/wp-json\/wp\/v2\/comments?post=5796"}],"version-history":[{"count":1,"href":"https:\/\/interlojistik.com.tr\/en\/wp-json\/wp\/v2\/posts\/5796\/revisions"}],"predecessor-version":[{"id":5797,"href":"https:\/\/interlojistik.com.tr\/en\/wp-json\/wp\/v2\/posts\/5796\/revisions\/5797"}],"wp:featuredmedia":[{"embeddable":true,"href":"https:\/\/interlojistik.com.tr\/en\/wp-json\/wp\/v2\/media\/5749"}],"wp:attachment":[{"href":"https:\/\/interlojistik.com.tr\/en\/wp-json\/wp\/v2\/media?parent=5796"}],"wp:term":[{"taxonomy":"category","embeddable":true,"href":"https:\/\/interlojistik.com.tr\/en\/wp-json\/wp\/v2\/categories?post=5796"},{"taxonomy":"post_tag","embeddable":true,"href":"https:\/\/interlojistik.com.tr\/en\/wp-json\/wp\/v2\/tags?post=5796"}],"curies":[{"name":"wp","href":"https:\/\/api.w.org\/{rel}","templated":true}]}}