{"id":5820,"date":"2021-12-06T23:18:16","date_gmt":"2021-12-06T23:18:16","guid":{"rendered":"https:\/\/interlojistik.com.tr\/en\/?p=5820"},"modified":"2021-12-06T23:18:16","modified_gmt":"2021-12-06T23:18:16","slug":"yurtdisina-ev-esyasi-tasima-fiyatlari","status":"publish","type":"post","link":"https:\/\/interlojistik.com.tr\/en\/yurtdisina-ev-esyasi-tasima-fiyatlari","title":{"rendered":"Yurtd\u0131\u015f\u0131na Ev E\u015fyas\u0131 Ta\u015f\u0131ma Fiyatlar\u0131"},"content":{"rendered":"<p><strong>Yurtd\u0131\u015f\u0131na ev e\u015fyas\u0131 ta\u015f\u0131ma fiyatlar\u0131<\/strong>; yurtd\u0131\u015f\u0131na ta\u015f\u0131nacak insanlar\u0131n ilk ba\u015fta merak ettikleri ba\u015fl\u0131klar\u0131ndan biridir. Bu yaz\u0131m\u0131zda bu konu hakk\u0131nda bilgi vermeyi planlamaktay\u0131z.<\/p>\n<p>Yurtd\u0131\u015f\u0131na Ev Ta\u015f\u0131ma Fiyatlar\u0131<\/p>\n<p><strong>Yurtd\u0131\u015f\u0131na ev e\u015fyas\u0131 ta\u015f\u0131ma fiyatlar\u0131<\/strong>; yurtd\u0131\u015f\u0131nda ya\u015fama plan\u0131 olan insanlarca ba\u015fl\u0131ca ara\u015ft\u0131rma konular\u0131ndan biridir. Yap\u0131lan ara\u015ft\u0131rmalar do\u011frultusunda, yurtd\u0131\u015f\u0131nda ya\u015fama plan\u0131 olan insanlar\u0131n %38\u2019lik kesiminin ilk ara\u015ft\u0131rma konusu oldu\u011funu g\u00f6rmekteyiz. Bu sebeple sizlere<span>\u00a0<\/span><strong>yurtd\u0131\u015f\u0131na ta\u015f\u0131nmadaki fiyat<\/strong><span>\u00a0<\/span>hesaplamas\u0131n\u0131n hangi do\u011frultuda ger\u00e7ekle\u015fti\u011fini aktarmaya karar vermi\u015f bulunmaktay\u0131z.<span>\u00a0<\/span><strong>Yurtd\u0131\u015f\u0131na ta\u015f\u0131nma fiyatlar\u0131<\/strong><span>\u00a0<\/span>hesaplan\u0131rken dikkate al\u0131nan hususlara dair a\u015fa\u011f\u0131da gerekli \u00f6l\u00e7\u00fctleri g\u00f6receksiniz. Bu \u00f6l\u00e7\u00fctlerin tamam\u0131 toplam fiyat\u0131 hesaplamada belirleyen \u00f6l\u00e7\u00fctlerdir.<\/p>\n<p>\u0130\u00e7indekiler<\/p>\n<ul>\n<li><a href=\"https:\/\/interlojistik.com.tr\/en\/yurtdisina-ev-esyasi-tasima-fiyatlari#Yurtdisina_Ev_Esyasi_Tasima_Fiyatlari\" target=\"_blank\" rel=\"noopener\">Yurtd\u0131\u015f\u0131na Ev E\u015fyas\u0131 Ta\u015f\u0131ma Fiyatlar\u0131<\/a><\/li>\n<li><a href=\"https:\/\/interlojistik.com.tr\/en\/yurtdisina-ev-esyasi-tasima-fiyatlari#Yurtdisina_Ev_Esyasi_Tasima_Fiyatlari_Hangi_Ulkeye_Tasinacaksiniz\" target=\"_blank\" rel=\"noopener\">Yurtd\u0131\u015f\u0131na Ev E\u015fyas\u0131 Ta\u015f\u0131ma Fiyatlar\u0131 : Hangi \u00dclkeye Ta\u015f\u0131nacaks\u0131n\u0131z ?<\/a><\/li>\n<li><a href=\"https:\/\/interlojistik.com.tr\/en\/yurtdisina-ev-esyasi-tasima-fiyatlari#Yurtdisina_Ev_Esyasi_Tasima_Fiyatlari_Evim_Kac_Metrekup\" target=\"_blank\" rel=\"noopener\">Yurtd\u0131\u015f\u0131na Ev E\u015fyas\u0131 Ta\u015f\u0131ma Fiyatlar\u0131 : Evim Ka\u00e7 Metrek\u00fcp ?<\/a><\/li>\n<li><a href=\"https:\/\/interlojistik.com.tr\/en\/yurtdisina-ev-esyasi-tasima-fiyatlari#Yurtdisina_Ev_Esyasi_Tasima_Fiyatlari_Ne_Zaman_Tasinacagim\" target=\"_blank\" rel=\"noopener\">Yurtd\u0131\u015f\u0131na Ev E\u015fyas\u0131 Ta\u015f\u0131ma Fiyatlar\u0131 : Ne Zaman Ta\u015f\u0131naca\u011f\u0131m ?<\/a><\/li>\n<li><a href=\"https:\/\/interlojistik.com.tr\/en\/yurtdisina-ev-esyasi-tasima-fiyatlari#Yurtdisina_Ev_Tasima_Fiyatlari_Ne_Kadar\" target=\"_blank\" rel=\"noopener\">Yurtd\u0131\u015f\u0131na Ev Ta\u015f\u0131ma Fiyatlar\u0131 Ne Kadar ?<\/a><\/li>\n<li><a href=\"https:\/\/interlojistik.com.tr\/en\/yurtdisina-ev-esyasi-tasima-fiyatlari#Yurtdisina_Ev_Esyasi_Tasima_Firmalari\" target=\"_blank\" rel=\"noopener\">Yurtd\u0131\u015f\u0131na Ev E\u015fyas\u0131 Ta\u015f\u0131ma Firmalar\u0131<\/a><\/li>\n<\/ul>\n<h1><strong>Yurtd\u0131\u015f\u0131na Ev E\u015fyas\u0131 Ta\u015f\u0131ma Fiyatlar\u0131<\/strong><\/h1>\n<p><strong>Yurtd\u0131\u015f\u0131na ev e\u015fyas\u0131 ta\u015f\u0131ma fiyatlar\u0131<\/strong>; birka\u00e7 ba\u015fl\u0131kta belirlenmektedir. Bunlardan ilki e\u015fyalar\u0131n hangi \u00fclkeye ta\u015f\u0131naca\u011f\u0131, ikincisi e\u015fyan\u0131n metrek\u00fcp cinsinden de\u011feri ve \u00fc\u00e7\u00fcnc\u00fcs\u00fc e\u015fyalar\u0131n hangi tarihlerde ta\u015f\u0131naca\u011f\u0131d\u0131r.<\/p>\n<p><a href=\"https:\/\/interlojistik.com.tr\/en\/yurtdisi-ev-tasima-fiyatlari\/\" target=\"_blank\" rel=\"noopener\"><strong>Yurtd\u0131\u015f\u0131 ev ta\u015f\u0131ma<\/strong><\/a><span>\u00a0<\/span>fiyatlar\u0131 hesaplan\u0131rken kullan\u0131lan bu y\u00f6ntemlere gelin yak\u0131ndan bakal\u0131m.<\/p>\n<h2><strong>Yurtd\u0131\u015f\u0131na Ev E\u015fyas\u0131 Ta\u015f\u0131ma Fiyatlar\u0131<\/strong><span>\u00a0<\/span>: Hangi \u00dclkeye Ta\u015f\u0131nacaks\u0131n\u0131z ?<\/h2>\n<p>Ta\u015f\u0131naca\u011f\u0131n\u0131z \u00fclkeye dair de\u011fi\u015fen fiyatland\u0131rmalar, asl\u0131nda hangi y\u00f6ntem ile ta\u015f\u0131naca\u011f\u0131n\u0131za ve \u00fclkelere g\u00f6re de\u011fi\u015fen g\u00fcmr\u00fck bedelleri ile<span>\u00a0<\/span><strong>yurtd\u0131\u015f\u0131na ev e\u015fyas\u0131 ta\u015f\u0131ma fiyatlar\u0131nda<\/strong><span>\u00a0<\/span>bir etken olu\u015fturmaktad\u0131r.<\/p>\n<p>Ta\u015f\u0131naca\u011f\u0131n\u0131z \u00fclkeye ta\u015f\u0131ma y\u00f6ntemi belirlendi\u011finde, ortaya taslak bir maliyet d\u00f6k\u00fclebilmekte. \u00d6rne\u011fin deniza\u015f\u0131r\u0131 bir \u00fclkeye ta\u015f\u0131nd\u0131\u011f\u0131n\u0131zda, fiyatland\u0131rmalar denizyolu fiyat standard\u0131 \u00fczerinden belirlenecektir. Ayn\u0131 \u00f6l\u00e7\u00fctler karayolu ve havayolu ta\u015f\u0131malar\u0131nda da de\u011fi\u015fkenlik g\u00f6stermektedir.<\/p>\n<p>Her \u00fclkede de\u011fi\u015fen g\u00fcmr\u00fck maliyetleri de ta\u015f\u0131ma i\u015fleminizdeki maliyetin de\u011fi\u015fkenli\u011fini etkilemektedir. \u00d6rne\u011fin Almanya ve Avusturya\u2019da birbirine \u00e7ok yak\u0131n g\u00fcmr\u00fck maliyetleri olu\u015furken, \u0130ngiltere\u2019de bu iki \u00fclkeden daha y\u00fcksek maliyetler olu\u015facakt\u0131r.<\/p>\n<h3><img decoding=\"async\" src=\"https:\/\/interlojistik.com.tr\/en\/view\/img\/blog\/yurtdisina-ev-esyasi-tasima-fiyatlari.jpg\" alt=\"\u0130nter Lojistik\" \/><strong>Yurtd\u0131\u015f\u0131na Ev E\u015fyas\u0131 Ta\u015f\u0131ma Fiyatlar\u0131<\/strong><span>\u00a0<\/span>: Evim Ka\u00e7 Metrek\u00fcp ?<\/h3>\n<p>Metrek\u00fcp hesaplamas\u0131, kat\u0131 bir maddenin metre cinsinden en, boy ve y\u00fckseklik de\u011ferlerinin birbiri ile \u00e7arp\u0131lmas\u0131yla elde edilmektedir. Bu i\u015flem sonucunda elde etti\u011fimiz veri, maddenin bize uzayda kaplad\u0131\u011f\u0131 hacmi vermektedir. Bu hacim bilgisi ile de ev e\u015fyalar\u0131n\u0131z\u0131n ara\u00e7 i\u00e7erisinde kaplayaca\u011f\u0131 alan hesaplanmaktad\u0131r.<\/p>\n<p>Ev e\u015fyalar\u0131n\u0131n birbiri ile standart bir fiziksel yap\u0131lar\u0131 olmad\u0131\u011f\u0131 i\u00e7in, e\u015fyalar\u0131n\u0131z\u0131n metrek\u00fcp hesaplamas\u0131 yap\u0131l\u0131rken iki y\u00f6ntem izlemekteyiz. \u0130lk etapta e\u015fya listesinin beyan\u0131n\u0131 sizlerden istemekte, daha sonra ise \u00fccretsiz ekspertiz hizmetimiz ile tam ve net \u00f6l\u00e7\u00fcmleri yapmaktay\u0131z.<span>\u00a0<\/span><strong>Yurtd\u0131\u015f\u0131na ev e\u015fyas\u0131 ta\u015f\u0131ma fiyatlar\u0131nda<span>\u00a0<\/span><\/strong>en b\u00fcy\u00fck belirleyen, ev e\u015fyalar\u0131n\u0131z\u0131n hacimsel boyutudur.<\/p>\n<h4><strong>Yurtd\u0131\u015f\u0131na Ev E\u015fyas\u0131 Ta\u015f\u0131ma Fiyatlar\u0131<\/strong><span>\u00a0<\/span>: Ne Zaman Ta\u015f\u0131naca\u011f\u0131m ?<\/h4>\n<p>Ta\u015f\u0131nma tarihinin fiyata etkisi d\u00f6nemsel olarak de\u011fi\u015fmektedir. Ev e\u015fyas\u0131 ta\u015f\u0131yan firmalar\u0131n d\u00f6nemsel kampanyalar\u0131 ile kar\u015f\u0131la\u015faca\u011f\u0131n\u0131z maliyet de\u011fi\u015fim g\u00f6sterecektir. \u00d6rne\u011fin yap\u0131lan y\u0131lba\u015f\u0131 kampanyalar\u0131 gibi f\u0131rsatlar, size maliyeti azaltma konusunda epey yard\u0131mc\u0131 olacakt\u0131r.<\/p>\n<h5><strong>Yurtd\u0131\u015f\u0131na Ev Ta\u015f\u0131ma Fiyatlar\u0131 Ne Kadar ?<\/strong><\/h5>\n<p><strong>Yurtd\u0131\u015f\u0131na ev ta\u015f\u0131ma fiyatlar\u0131 ne kadar<\/strong><span>\u00a0<\/span>sorusuna yukar\u0131da bahsetti\u011fimiz \u00fc\u00e7 fakt\u00f6r \u00fczerinden de\u011ferlendirilmektedir. Bu \u00fc\u00e7 fakt\u00f6r hakk\u0131nda ayr\u0131nt\u0131l\u0131 bilgiyi sat\u0131\u015f ve operasyon ekibimizden alabilirsiniz. Sat\u0131\u015f ve operasyon ekibimizdeki arkada\u015flar\u0131m\u0131z sizlere ta\u015f\u0131maya dair t\u00fcm s\u00fcre\u00e7ler hakk\u0131nda ayr\u0131nt\u0131l\u0131 bilgiyi ileteceklerdir. Ta\u015f\u0131ma \u00f6ncesi yap\u0131lmas\u0131 gerekenler, ta\u015f\u0131ma esnas\u0131ndaki s\u00fcre\u00e7, g\u00fcmr\u00fckleme bilgileri, fiyat bilgisi ve e\u015fya teslimi hakk\u0131nda ayr\u0131nt\u0131lar sizlerle payla\u015f\u0131lmaktad\u0131r.<\/p>\n<h6><strong>Yurtd\u0131\u015f\u0131na Ev E\u015fyas\u0131 Ta\u015f\u0131ma Firmalar\u0131<\/strong><\/h6>\n<p><strong>Yurtd\u0131\u015f\u0131na ev e\u015fyas\u0131 ta\u015f\u0131ma firmalar\u0131<\/strong>; T\u00fcrkiye\u2019den \u00e7\u0131kacak veya giri\u015f yapacak ev e\u015fyalar\u0131n\u0131, uluslararas\u0131 alanda ta\u015f\u0131maya yetkisi olan firmalard\u0131r. Bu firmalar uluslararas\u0131 alanda ta\u015f\u0131ma yetkisinin \u00f6tesinde, tecr\u00fcbe ve uzman bir ekibe sahiptirler.<\/p>\n<p><strong>\u0130nter Lojistik Grubu<\/strong><span>\u00a0<\/span>Olarak 1997 y\u0131l\u0131ndan g\u00fcn\u00fcm\u00fcze ev e\u015fyas\u0131 ta\u015f\u0131ma ve depolama alan\u0131nda hizmet vermekteyiz. Verdi\u011fimiz hizmetler do\u011frultusunda yurtd\u0131\u015f\u0131na ev e\u015fyas\u0131 ta\u015f\u0131ma ana hizmet alan\u0131m\u0131zd\u0131r. 20 y\u0131l\u0131 a\u015fk\u0131n s\u00fcredir ev e\u015fyas\u0131na dair verdi\u011fimiz hizmetlerde, \u00e7al\u0131\u015fma oda\u011f\u0131m\u0131z tamamen m\u00fc\u015fteri memnuniyeti \u00fczerine kuruludur. Fiyat bilgisi ve daha fazla ayr\u0131nt\u0131 i\u00e7in bizimle ileti\u015fime ge\u00e7ebilirsiniz.<\/p>\n","protected":false},"excerpt":{"rendered":"<p>Yurtd\u0131\u015f\u0131na ev e\u015fyas\u0131 ta\u015f\u0131ma fiyatlar\u0131; yurtd\u0131\u015f\u0131na ta\u015f\u0131nacak insanlar\u0131n ilk ba\u015fta merak ettikleri ba\u015fl\u0131klar\u0131ndan biridir. Bu yaz\u0131m\u0131zda bu konu hakk\u0131nda bilgi vermeyi planlamaktay\u0131z. Yurtd\u0131\u015f\u0131na Ev Ta\u015f\u0131ma Fiyatlar\u0131 Yurtd\u0131\u015f\u0131na ev e\u015fyas\u0131 ta\u015f\u0131ma fiyatlar\u0131; yurtd\u0131\u015f\u0131nda ya\u015fama plan\u0131 olan insanlarca ba\u015fl\u0131ca ara\u015ft\u0131rma konular\u0131ndan biridir. Yap\u0131lan ara\u015ft\u0131rmalar do\u011frultusunda, yurtd\u0131\u015f\u0131nda ya\u015fama plan\u0131 olan insanlar\u0131n %38\u2019lik kesiminin ilk ara\u015ft\u0131rma konusu oldu\u011funu g\u00f6rmekteyiz. [&hellip;]<\/p>\n","protected":false},"author":1,"featured_media":5752,"comment_status":"open","ping_status":"open","sticky":false,"template":"","format":"standard","meta":{"footnotes":""},"categories":[29],"tags":[],"class_list":["post-5820","post","type-post","status-publish","format-standard","has-post-thumbnail","hentry","category-inter-lojistik"],"_links":{"self":[{"href":"https:\/\/interlojistik.com.tr\/en\/wp-json\/wp\/v2\/posts\/5820","targetHints":{"allow":["GET"]}}],"collection":[{"href":"https:\/\/interlojistik.com.tr\/en\/wp-json\/wp\/v2\/posts"}],"about":[{"href":"https:\/\/interlojistik.com.tr\/en\/wp-json\/wp\/v2\/types\/post"}],"author":[{"embeddable":true,"href":"https:\/\/interlojistik.com.tr\/en\/wp-json\/wp\/v2\/users\/1"}],"replies":[{"embeddable":true,"href":"https:\/\/interlojistik.com.tr\/en\/wp-json\/wp\/v2\/comments?post=5820"}],"version-history":[{"count":1,"href":"https:\/\/interlojistik.com.tr\/en\/wp-json\/wp\/v2\/posts\/5820\/revisions"}],"predecessor-version":[{"id":5821,"href":"https:\/\/interlojistik.com.tr\/en\/wp-json\/wp\/v2\/posts\/5820\/revisions\/5821"}],"wp:featuredmedia":[{"embeddable":true,"href":"https:\/\/interlojistik.com.tr\/en\/wp-json\/wp\/v2\/media\/5752"}],"wp:attachment":[{"href":"https:\/\/interlojistik.com.tr\/en\/wp-json\/wp\/v2\/media?parent=5820"}],"wp:term":[{"taxonomy":"category","embeddable":true,"href":"https:\/\/interlojistik.com.tr\/en\/wp-json\/wp\/v2\/categories?post=5820"},{"taxonomy":"post_tag","embeddable":true,"href":"https:\/\/interlojistik.com.tr\/en\/wp-json\/wp\/v2\/tags?post=5820"}],"curies":[{"name":"wp","href":"https:\/\/api.w.org\/{rel}","templated":true}]}}