{"id":5822,"date":"2021-12-06T23:19:28","date_gmt":"2021-12-06T23:19:28","guid":{"rendered":"https:\/\/interlojistik.com.tr\/en\/?p=5822"},"modified":"2021-12-06T23:19:28","modified_gmt":"2021-12-06T23:19:28","slug":"yurtdisi-ev-tasima-firmalari","status":"publish","type":"post","link":"https:\/\/interlojistik.com.tr\/en\/yurtdisi-ev-tasima-firmalari","title":{"rendered":"Yurtd\u0131\u015f\u0131 Ev Ta\u015f\u0131ma Firmalar\u0131"},"content":{"rendered":"<p><strong>Yurtd\u0131\u015f\u0131na ev ta\u015f\u0131ma firmalar\u0131<\/strong>; uluslararas\u0131 alanda zati e\u015fyalar\u0131 ta\u015f\u0131ma yetki ve belgelerine sahip olan firmalard\u0131r. Bu firmalar hem donan\u0131m hem de teknik a\u00e7\u0131dan geli\u015fkin firmalard\u0131r.<\/p>\n<p>Yurtd\u0131\u015f\u0131na Ev Ta\u015f\u0131ma Firmalar\u0131<\/p>\n<h1><strong>Yurtd\u0131\u015f\u0131na Ev Ta\u015f\u0131ma Firmalar\u0131<\/strong><\/h1>\n<p><strong>Yurtd\u0131\u015f\u0131na ev ta\u015f\u0131ma firmalar\u0131<\/strong>; ev e\u015fyalar\u0131n\u0131 \u00fclkeler aras\u0131nda ta\u015f\u0131mak isteyen insanlara \u00e7\u00f6z\u00fcm olu\u015fturma amac\u0131yla hizmet veren firmalard\u0131r. Bu firmalar\u0131 yurti\u00e7i ta\u015f\u0131ma yapan firmalardan ay\u0131ran \u00f6zellik yetki ve belge sahibi olmalar\u0131d\u0131r. G\u00fcmr\u00fckleme i\u00e7in firmaya verilen yetkiler ile uluslararas\u0131 ev ta\u015f\u0131ma i\u015flemi ger\u00e7ekle\u015ftiren firmalar, ayn\u0131 zamanda gerekli belgelere de sahip olmal\u0131d\u0131rlar. \u00d6rne\u011fin karayolu ta\u015f\u0131malar\u0131 i\u00e7in \u2018C3 Yetki Belgesi\u2019ne sahip olmal\u0131lard\u0131r. Denizyolu ev e\u015fyas\u0131 ta\u015f\u0131malar\u0131nda ise geni\u015f bir liman a\u011f\u0131na sahip olmal\u0131lard\u0131r. Havayolu Ta\u015f\u0131malar\u0131nda ise IATA \u00fcyesi olmalar\u0131 gerekmektedir.<\/p>\n<p>Bu belge ve yetkileri elinde bulunduran<span>\u00a0<\/span><strong>yurtd\u0131\u015f\u0131na ev ta\u015f\u0131ma firmalar\u0131<\/strong><span>\u00a0<\/span>ayr\u0131ca teknik a\u00e7\u0131dan da geli\u015fkin olmal\u0131d\u0131rlar. Uzman personel kadrolar\u0131, y\u00fcksek g\u00fcvenlikli paketleme deste\u011fi ve geli\u015fkin g\u00fcmr\u00fck departmanlar\u0131na sahip olmal\u0131d\u0131rlar. Kaliteli hizmet verme a\u00e7\u0131s\u0131ndan burada bahsetti\u011fimiz \u00f6zellikler \u00f6nemli kriterleri olu\u015fturmaktad\u0131rlar.<\/p>\n<h2><strong>Yurtd\u0131\u015f\u0131na Ev Ta\u015f\u0131ma Firmas\u0131 Se\u00e7imi<\/strong><\/h2>\n<p><strong>Yurtd\u0131\u015f\u0131na ev ta\u015f\u0131ma firmas\u0131<\/strong><span>\u00a0<\/span>se\u00e7imi yaparken yukar\u0131da belirtti\u011fimiz \u00f6zellikleri ta\u015f\u0131yan firmalar\u0131 se\u00e7mek, ta\u015f\u0131ma esnas\u0131nda kar\u015f\u0131la\u015f\u0131lacak problemleri ortadan kald\u0131racakt\u0131r. Fakat ayr\u0131nt\u0131lara indi\u011fimizde kar\u015f\u0131m\u0131za bir\u00e7ok kriter \u00e7\u0131kmaktad\u0131r. Bunlardan ilki; firman\u0131n forwarder firma olup olmamas\u0131. Yani firman\u0131n kendi ara\u00e7 ve ekipleriyle ta\u015f\u0131ma i\u015flemini ger\u00e7ekle\u015ftirip ger\u00e7ekle\u015ftirmemesidir. E\u011fer kendi ekip ve ara\u00e7lar\u0131yla \u00e7al\u0131\u015fmayan bir firmayla \u00e7al\u0131\u015f\u0131yor iseniz bir\u00e7ok problem ile kar\u015f\u0131la\u015fma riskiniz ortaya \u00e7\u0131kmaktad\u0131r. \u0130kinci dikkat edilecek husus ise firman\u0131n<span>\u00a0<\/span><strong>yurtd\u0131\u015f\u0131na ev ta\u015f\u0131ma<\/strong><span>\u00a0<\/span>i\u00e7in gerekli belgeleri ve iyi bir g\u00fcmr\u00fck departman\u0131n\u0131n olup olmamas\u0131. E\u011fer bir yurtd\u0131\u015f\u0131na ev ta\u015f\u0131ma firmas\u0131 belge sahibi de\u011filse, ta\u015f\u0131ma i\u015flemi ger\u00e7ekle\u015ftiremez. \u00dc\u00e7\u00fcnc\u00fc olarak ise iyi bir firma size bir\u00e7ok referans sunmal\u0131d\u0131r. Genel olarak bir firman\u0131n g\u00fcvenilirli\u011fi daha \u00f6nce yapt\u0131\u011f\u0131 i\u015flerle belirlenmektedir. Sunulan referanslar ile firmaya ait daha \u00f6nce ger\u00e7ekle\u015fmi\u015f \u00e7al\u0131\u015fmalara dair bilgi edinmek yararl\u0131 olacakt\u0131r.<\/p>\n<p>\u0130nter Lojistik Grubu olarak 1997 y\u0131l\u0131ndan beri ev e\u015fyas\u0131 ta\u015f\u0131ma ve depolama alan\u0131nda, hi\u00e7bir \u015fikayet almadan hizmet vermekteyiz.<span>\u00a0<\/span><a href=\"https:\/\/interlojistik.com.tr\/en\/iletisim\" target=\"_blank\" rel=\"noopener\">Ayr\u0131nt\u0131l\u0131 bilgi i\u00e7in l\u00fctfen ileti\u015fime ge\u00e7iniz.<\/a><\/p>\n","protected":false},"excerpt":{"rendered":"<p>Yurtd\u0131\u015f\u0131na ev ta\u015f\u0131ma firmalar\u0131; uluslararas\u0131 alanda zati e\u015fyalar\u0131 ta\u015f\u0131ma yetki ve belgelerine sahip olan firmalard\u0131r. Bu firmalar hem donan\u0131m hem de teknik a\u00e7\u0131dan geli\u015fkin firmalard\u0131r. Yurtd\u0131\u015f\u0131na Ev Ta\u015f\u0131ma Firmalar\u0131 Yurtd\u0131\u015f\u0131na Ev Ta\u015f\u0131ma Firmalar\u0131 Yurtd\u0131\u015f\u0131na ev ta\u015f\u0131ma firmalar\u0131; ev e\u015fyalar\u0131n\u0131 \u00fclkeler aras\u0131nda ta\u015f\u0131mak isteyen insanlara \u00e7\u00f6z\u00fcm olu\u015fturma amac\u0131yla hizmet veren firmalard\u0131r. Bu firmalar\u0131 yurti\u00e7i ta\u015f\u0131ma yapan [&hellip;]<\/p>\n","protected":false},"author":1,"featured_media":5741,"comment_status":"open","ping_status":"open","sticky":false,"template":"","format":"standard","meta":{"footnotes":""},"categories":[29],"tags":[],"class_list":["post-5822","post","type-post","status-publish","format-standard","has-post-thumbnail","hentry","category-inter-lojistik"],"_links":{"self":[{"href":"https:\/\/interlojistik.com.tr\/en\/wp-json\/wp\/v2\/posts\/5822","targetHints":{"allow":["GET"]}}],"collection":[{"href":"https:\/\/interlojistik.com.tr\/en\/wp-json\/wp\/v2\/posts"}],"about":[{"href":"https:\/\/interlojistik.com.tr\/en\/wp-json\/wp\/v2\/types\/post"}],"author":[{"embeddable":true,"href":"https:\/\/interlojistik.com.tr\/en\/wp-json\/wp\/v2\/users\/1"}],"replies":[{"embeddable":true,"href":"https:\/\/interlojistik.com.tr\/en\/wp-json\/wp\/v2\/comments?post=5822"}],"version-history":[{"count":1,"href":"https:\/\/interlojistik.com.tr\/en\/wp-json\/wp\/v2\/posts\/5822\/revisions"}],"predecessor-version":[{"id":5823,"href":"https:\/\/interlojistik.com.tr\/en\/wp-json\/wp\/v2\/posts\/5822\/revisions\/5823"}],"wp:featuredmedia":[{"embeddable":true,"href":"https:\/\/interlojistik.com.tr\/en\/wp-json\/wp\/v2\/media\/5741"}],"wp:attachment":[{"href":"https:\/\/interlojistik.com.tr\/en\/wp-json\/wp\/v2\/media?parent=5822"}],"wp:term":[{"taxonomy":"category","embeddable":true,"href":"https:\/\/interlojistik.com.tr\/en\/wp-json\/wp\/v2\/categories?post=5822"},{"taxonomy":"post_tag","embeddable":true,"href":"https:\/\/interlojistik.com.tr\/en\/wp-json\/wp\/v2\/tags?post=5822"}],"curies":[{"name":"wp","href":"https:\/\/api.w.org\/{rel}","templated":true}]}}