{"id":5824,"date":"2021-12-06T23:20:57","date_gmt":"2021-12-06T23:20:57","guid":{"rendered":"https:\/\/interlojistik.com.tr\/en\/?p=5824"},"modified":"2021-12-06T23:20:57","modified_gmt":"2021-12-06T23:20:57","slug":"yurtdisina-tasinma","status":"publish","type":"post","link":"https:\/\/interlojistik.com.tr\/en\/yurtdisina-tasinma","title":{"rendered":"Yurtd\u0131\u015f\u0131na Ta\u015f\u0131nma"},"content":{"rendered":"<p><strong>Yurtd\u0131\u015f\u0131na ta\u015f\u0131nma<\/strong>; art\u0131k g\u00fcn\u00fcm\u00fcz\u00fcn pop\u00fcler konular\u0131 aras\u0131nda yer almaktad\u0131r. Geli\u015fen hayat standartlar\u0131 art\u0131k insanlar\u0131n istedikleri \u00fclkede ya\u015famas\u0131na olanak tan\u0131maktad\u0131r.<\/p>\n<p>&nbsp;<\/p>\n<p><strong>Yurtd\u0131\u015f\u0131na ta\u015f\u0131nma<\/strong>; bir ta\u015f\u0131nma bi\u00e7imi olarak \u00e7a\u011f\u0131m\u0131zda olduk\u00e7a yayg\u0131nla\u015fm\u0131\u015f bir y\u00f6ntemdir. D\u00fcnya genelinde ve \u00fclkemizde y\u00fckselen hayat standartlar\u0131n\u0131n bir getirisi olarak, insanlar art\u0131k istedikleri \u00fclkenin, istedikleri \u015fehrinde ya\u015famlar\u0131n\u0131 s\u00fcrd\u00fcrebilmektedir. Meslek gruplar\u0131n\u0131n d\u00fcnyan\u0131n bir\u00e7ok yerinde yayg\u0131nla\u015fm\u0131\u015f olmas\u0131, global firmalar\u0131n ayn\u0131 meslek gruplar\u0131ndan bir\u00e7ok insan\u0131 d\u00fcnyan\u0131n \u00e7e\u015fitli yerlerinde i\u015f g\u00fcc\u00fc olarak \u00e7al\u0131\u015ft\u0131rmas\u0131, art\u0131k bir\u00e7ok insan\u0131n sevdi\u011fi \u015fehir veya \u00fclkeye ta\u015f\u0131nmas\u0131n\u0131 sa\u011flamaktad\u0131r. Bu durumun sonucunda ise<span>\u00a0<\/span><strong>yurtd\u0131\u015f\u0131na ta\u015f\u0131nma<\/strong>, g\u00fcn\u00fcm\u00fcz pop\u00fcler konular\u0131 aras\u0131na ad\u0131n\u0131 yazd\u0131rm\u0131\u015ft\u0131r.<\/p>\n<p>\u0130\u00e7indekiler<\/p>\n<ul>\n<li><a href=\"https:\/\/interlojistik.com.tr\/en\/yurtdisina-tasinma#Yurtdisina_Tasinma_Yontemleri\" target=\"_blank\" rel=\"noopener\">Yurtd\u0131\u015f\u0131na Ta\u015f\u0131nma Y\u00f6ntemleri<\/a><\/li>\n<li><a href=\"https:\/\/interlojistik.com.tr\/en\/yurtdisina-tasinma#1Karayolu_Ev_Esyasi_Tasimalari\" target=\"_blank\" rel=\"noopener\">1)Karayolu Ev E\u015fyas\u0131 Ta\u015f\u0131malar\u0131<\/a><\/li>\n<li><a href=\"https:\/\/interlojistik.com.tr\/en\/yurtdisina-tasinma#2Denizyolu_Ev_Esyasi_Tasima\" target=\"_blank\" rel=\"noopener\">2)Denizyolu Ev E\u015fyas\u0131 Ta\u015f\u0131ma<\/a><\/li>\n<li><a href=\"https:\/\/interlojistik.com.tr\/en\/yurtdisina-tasinma#3Havayolu_Ev_Esyasi_Tasima\" target=\"_blank\" rel=\"noopener\">3)Havayolu Ev E\u015fyas\u0131 Ta\u015f\u0131ma<\/a><\/li>\n<li><a href=\"https:\/\/interlojistik.com.tr\/en\/yurtdisina-tasinma#Yurtdisina_Tasinmadan_Once_Isinize_Yarayacak_Pratik_Bilgiler\" target=\"_blank\" rel=\"noopener\">Yurtd\u0131\u015f\u0131na Ta\u015f\u0131nmadan \u00d6nce \u0130\u015finize Yarayacak Pratik Bilgiler<\/a><\/li>\n<li><a href=\"https:\/\/interlojistik.com.tr\/en\/yurtdisina-tasinma#Yurtdisina_Tasinma_Tarihinizi_Planlamak\" target=\"_blank\" rel=\"noopener\">Yurtd\u0131\u015f\u0131na Ta\u015f\u0131nma Tarihinizi Planlamak<\/a><\/li>\n<li><a href=\"https:\/\/interlojistik.com.tr\/en\/yurtdisina-tasinma#Yurtdisina_Tasinirken_Yanimda_Ne_Goturmeliyim\" target=\"_blank\" rel=\"noopener\">Yurtd\u0131\u015f\u0131na Ta\u015f\u0131n\u0131rken Yan\u0131mda Ne G\u00f6t\u00fcrmeliyim?<\/a><\/li>\n<li><a href=\"https:\/\/interlojistik.com.tr\/en\/yurtdisina-tasinma#Yurtdisina_Ev_Esyasi_Tasima_Firmalari\" target=\"_blank\" rel=\"noopener\">Yurtd\u0131\u015f\u0131na Ev E\u015fyas\u0131 Ta\u015f\u0131ma Firmalar\u0131<\/a><\/li>\n<li><a href=\"https:\/\/interlojistik.com.tr\/en\/yurtdisina-tasinma#Inter_Lojistik_Grubu_ile_Yurtdisina_Tasinma\" target=\"_blank\" rel=\"noopener\">\u0130nter Lojistik Grubu ile Yurtd\u0131\u015f\u0131na Ta\u015f\u0131nma<\/a><\/li>\n<\/ul>\n<h1><img decoding=\"async\" src=\"https:\/\/interlojistik.com.tr\/en\/view\/img\/blog\/inter-lojistik-grubu-yurtdisina-tasinma.png\" alt=\"\u0130nter Lojistik\" \/><strong>Yurtd\u0131\u015f\u0131na Ta\u015f\u0131nma<\/strong><span>\u00a0<\/span>Y\u00f6ntemleri<\/h1>\n<p><strong>Yurtd\u0131\u015f\u0131na ev ta\u015f\u0131ma<\/strong><span>\u00a0<\/span>y\u00f6ntemleri; ta\u015f\u0131naca\u011f\u0131n\u0131z \u00fclkeye g\u00f6re de\u011fi\u015fmekle birlikte, en yayg\u0131n \u015fekilde 3 ta\u015f\u0131ma y\u00f6ntemi ile ger\u00e7ekle\u015fmektedir. Bunlar; karayolu ev e\u015fyas\u0131 ta\u015f\u0131malar\u0131, denizyolu ev e\u015fyas\u0131 ta\u015f\u0131malar\u0131, havayolu ev e\u015fyas\u0131 ta\u015f\u0131malar\u0131d\u0131r. Bu ta\u015f\u0131ma y\u00f6ntemlerinden herhangi birini se\u00e7erken, e\u015fyalar\u0131n\u0131z\u0131n co\u011frafi konumu ve teslim s\u00fcreleri g\u00f6z \u00f6n\u00fcnde bulundurularak, ta\u015f\u0131y\u0131c\u0131 firma taraf\u0131ndan size en uygun se\u00e7enek tavsiye edilecektir.<\/p>\n<h4>1)Karayolu Ev E\u015fyas\u0131 Ta\u015f\u0131malar\u0131<\/h4>\n<p>Bu ta\u015f\u0131ma y\u00f6nteminde, e\u015fylar\u0131n\u0131z\u0131n bulundu\u011fu co\u011frafi konuma g\u00f6re bir se\u00e7enek olma durumundad\u0131r. \u00c7o\u011funlukla T\u00fcrkiye\u2019den Avrupa\u2019ya ger\u00e7ekle\u015ftirilecek olan<span>\u00a0<\/span><strong>uluslararas\u0131 ev e\u015fyas\u0131 ta\u015f\u0131malar\u0131nda<\/strong><span>\u00a0<\/span>tercih edilen y\u00f6ntem, karayolu parsiyel ta\u015f\u0131ma ve karayolu ekspres ta\u015f\u0131ma olarak iki ayr\u0131 ta\u015f\u0131ma bi\u00e7iminde uygulanmaktad\u0131r.<\/p>\n<h4>2)Denizyolu Ev E\u015fyas\u0131 Ta\u015f\u0131ma<\/h4>\n<p>Bu ta\u015f\u0131ma y\u00f6ntemi, e\u015fyalar\u0131n\u0131z\u0131n deniz a\u015f\u0131r\u0131 \u00fclkelere ta\u015f\u0131nmas\u0131 ihtiyac\u0131na \u00e7\u00f6z\u00fcm \u00fcretmektedir. \u00c7o\u011funlukla Amerika, Kanada ve Avustralya\u2019ya ger\u00e7ekle\u015ftirilecek ev e\u015fyas\u0131 ta\u015f\u0131malar\u0131nda bu y\u00f6ntem kullan\u0131lmaktad\u0131r. Denizyolu ev e\u015fyas\u0131 ta\u015f\u0131malar\u0131nda ise; komple konteyner ta\u015f\u0131ma ve parsiyel ta\u015f\u0131ma olarak iki se\u00e7enek bulunmaktad\u0131r.<\/p>\n<h4>3)Havayolu Ev E\u015fyas\u0131 Ta\u015f\u0131ma<\/h4>\n<p>Havayolu ev e\u015fyas\u0131 ta\u015f\u0131ma; az miktarl\u0131 e\u015fyalar\u0131n\u0131z\u0131n, h\u0131zl\u0131 bir bi\u00e7imde d\u00fcnyan\u0131n diledi\u011finiz noktas\u0131na nakli i\u00e7in ger\u00e7ekle\u015ftirilen bir y\u00f6ntemdir. Bu i\u015flemdeki en belirleyici etken; ta\u015f\u0131yaca\u011f\u0131n\u0131z e\u015fyalar\u0131n\u0131z\u0131n IATA taraf\u0131ndan belirlenen<span>\u00a0<\/span><strong>uluslararas\u0131 evden eve nakliyat<\/strong>standartlar\u0131na uygunlu\u011fu olacakt\u0131r.<\/p>\n<p>&nbsp;<\/p>\n<h2><strong>Yurtd\u0131\u015f\u0131na Ta\u015f\u0131nmadan<\/strong><span>\u00a0<\/span>\u00d6nce \u0130\u015finize Yarayacak Pratik Bilgiler<\/h2>\n<ul>\n<li>Hangi e\u015fyalar\u0131n\u0131z\u0131 ta\u015f\u0131yaca\u011f\u0131n\u0131za karar verin<\/li>\n<li>Ta\u015f\u0131naca\u011f\u0131n\u0131z \u00fclke ile ilgili; oturum, evrak, ev tutma gibi i\u015flemlerin nas\u0131l ilerledi\u011fini \u00f6\u011frenin<\/li>\n<li><strong>Yurtd\u0131\u015f\u0131na zati e\u015fya ta\u015f\u0131yan firmalar<\/strong><span>\u00a0<\/span>ile g\u00f6r\u00fc\u015f\u00fcp, size en uygun ta\u015f\u0131ma bi\u00e7imini belirleyin<\/li>\n<li>Yurtd\u0131\u015f\u0131na zati e\u015fya ta\u015f\u0131yan bir firma ile anla\u015f\u0131p, ta\u015f\u0131nma tarihinizi planlay\u0131n<\/li>\n<\/ul>\n<p>&nbsp;<\/p>\n<h3><strong>Yurtd\u0131\u015f\u0131na Ta\u015f\u0131nma<\/strong><span>\u00a0<\/span>Tarihinizi Planlamak<\/h3>\n<p><strong>Yurtd\u0131\u015f\u0131na ta\u015f\u0131nma<\/strong><span>\u00a0<\/span>tarihi; b\u00fct\u00fcn ta\u015f\u0131nma i\u015flemlerinizde en \u00f6nemli a\u015famay\u0131 olu\u015fturmaktad\u0131r. Anla\u015ft\u0131\u011f\u0131n\u0131z firma ile birlikte bu tarihi, e\u015fyalar\u0131n\u0131z\u0131n teslim s\u00fcresini ve sizin e\u015fyalar\u0131n\u0131za ihtiyac\u0131n\u0131z \u00f6l\u00e7\u00fcs\u00fcnden kararla\u015ft\u0131r\u0131yor olman\u0131z i\u015finizi \u00e7ok kolayla\u015ft\u0131racakt\u0131r. Aksi takdirde, yapaca\u011f\u0131n\u0131z k\u00f6t\u00fc bir program planlamas\u0131, adaptasyon problemlerine yol a\u00e7abilecektir. Bu konuda anla\u015ft\u0131\u011f\u0131n\u0131z firman\u0131n size bildirece\u011fi teslim s\u00fcrelerini \u00f6\u011frenmeniz, ta\u015f\u0131nd\u0131\u011f\u0131n\u0131z \u00fclkede bulunaca\u011f\u0131n\u0131z tarihe g\u00f6re bir plan olu\u015fturman\u0131z \u00f6nemli olacakt\u0131r.<\/p>\n<p>&nbsp;<\/p>\n<h4><strong>Yurtd\u0131\u015f\u0131na Ta\u015f\u0131n\u0131rken Yan\u0131mda Ne G\u00f6t\u00fcrmeliyim?<\/strong><\/h4>\n<p><strong>Yurtd\u0131\u015f\u0131na ta\u015f\u0131n\u0131rken<\/strong>, ta\u015f\u0131may\u0131 planlayaca\u011f\u0131n\u0131z e\u015fyalar\u0131n se\u00e7iminde birka\u00e7 etkili fakt\u00f6r bulunmaktad\u0131r. Bunlardan ilki, ta\u015f\u0131may\u0131 planlad\u0131\u011f\u0131n\u0131z e\u015fyan\u0131n tahminen ne kadar kullan\u0131m \u00f6mr\u00fcn\u00fcn kald\u0131\u011f\u0131d\u0131r. Bu fakt\u00f6r\u00fc ta\u015f\u0131naca\u011f\u0131n\u0131z \u00fclke ile T\u00fcrkiye fiyatlar\u0131n\u0131n kar\u015f\u0131la\u015ft\u0131rmas\u0131yla de\u011ferlendirebilirsiniz. \u00d6rne\u011fin; bir koltu\u011fun yakla\u015f\u0131k 1 y\u0131l kadar bir kullan\u0131m \u00f6mr\u00fc kald\u0131ysa ve siz<span>\u00a0<\/span><strong>T\u00fcrkiye\u2019den Almanya\u2019ya ta\u015f\u0131n\u0131yorsan\u0131z<\/strong>, T\u00fcrkiye\u2019den yeni bir koltuk almak, mali a\u00e7\u0131dan ilerleyen d\u00f6nemde sizi rahatlatacakt\u0131r. Bu sebeple yurtd\u0131\u015f\u0131na ta\u015f\u0131malarda, yan\u0131n\u0131zda g\u00f6t\u00fcrece\u011finiz e\u015fyalar\u0131n iyi se\u00e7imi \u00f6nemli bir ba\u015fl\u0131kt\u0131r.<\/p>\n<p>&nbsp;<\/p>\n<h3><strong>Yurtd\u0131\u015f\u0131na Ev E\u015fyas\u0131 Ta\u015f\u0131ma<\/strong><span>\u00a0<\/span>Firmalar\u0131<\/h3>\n<p><strong>Yurtd\u0131\u015f\u0131na ev e\u015fyas\u0131 ta\u015f\u0131ma firmalar\u0131<\/strong>; T\u00fcrkiye i\u00e7erisinde C3 yetki belgesi (Uluslararas\u0131 ve Yurti\u00e7i Zati E\u015fyas\u0131 Ta\u015f\u0131mac\u0131l\u0131\u011f\u0131 Belgesi) mevcut olan firmalard\u0131r. Bu firmalar yurti\u00e7i ve uluslararas\u0131 alanda zati e\u015fya ta\u015f\u0131ma hakk\u0131na sahiptirler. Bu firmalar ile<span>\u00a0<\/span><strong>yurtd\u0131\u015f\u0131 ev ta\u015f\u0131ma<\/strong><span>\u00a0<\/span>hizmetimizden yararlanman\u0131z ve bizimle ta\u015f\u0131man\u0131n ak\u0131beti a\u00e7\u0131s\u0131ndan yararl\u0131 olacakt\u0131r. Ayn\u0131 zamanda arac\u0131 bir firma ile ta\u015f\u0131nmaman\u0131z, mali a\u00e7\u0131dan daha d\u00fc\u015f\u00fck b\u00fct\u00e7eler ay\u0131rman\u0131z\u0131 gerektirecektir.<\/p>\n<p>&nbsp;<\/p>\n<h3><strong>\u0130nter Lojistik Grubu<\/strong><span>\u00a0<\/span>ile Yurtd\u0131\u015f\u0131na Ta\u015f\u0131nma<\/h3>\n<p><strong>\u0130nter Lojistik Grubu<\/strong>; kuruldu\u011fu 1997 y\u0131l\u0131ndan g\u00fcn\u00fcm\u00fcze, ana faaliyet alan\u0131 olarak zati e\u015fya ta\u015f\u0131mac\u0131l\u0131\u011f\u0131 ger\u00e7ekle\u015ftirmektedir. Zati e\u015fyalar\u0131n yurti\u00e7i ve uluslararas\u0131 ta\u015f\u0131nmas\u0131nda ve depolanmas\u0131nda, tam donan\u0131m, profesyonel kadro ve \u00f6zmal ara\u00e7lar ile sizlere hizmet vermektedir. Yurtd\u0131\u015f\u0131na ta\u015f\u0131nmalar\u0131n\u0131zda ailenizin en iyi \u00e7\u00f6z\u00fcm orta\u011f\u0131 olan \u0130nter Lojistik Grubu; ayr\u0131nt\u0131l\u0131 bilgi ve fiyatland\u0131rmalar i\u00e7in sizlere bir telefon kadar uzaktad\u0131r.<\/p>\n","protected":false},"excerpt":{"rendered":"<p>Yurtd\u0131\u015f\u0131na ta\u015f\u0131nma; art\u0131k g\u00fcn\u00fcm\u00fcz\u00fcn pop\u00fcler konular\u0131 aras\u0131nda yer almaktad\u0131r. Geli\u015fen hayat standartlar\u0131 art\u0131k insanlar\u0131n istedikleri \u00fclkede ya\u015famas\u0131na olanak tan\u0131maktad\u0131r. &nbsp; Yurtd\u0131\u015f\u0131na ta\u015f\u0131nma; bir ta\u015f\u0131nma bi\u00e7imi olarak \u00e7a\u011f\u0131m\u0131zda olduk\u00e7a yayg\u0131nla\u015fm\u0131\u015f bir y\u00f6ntemdir. D\u00fcnya genelinde ve \u00fclkemizde y\u00fckselen hayat standartlar\u0131n\u0131n bir getirisi olarak, insanlar art\u0131k istedikleri \u00fclkenin, istedikleri \u015fehrinde ya\u015famlar\u0131n\u0131 s\u00fcrd\u00fcrebilmektedir. Meslek gruplar\u0131n\u0131n d\u00fcnyan\u0131n bir\u00e7ok yerinde yayg\u0131nla\u015fm\u0131\u015f [&hellip;]<\/p>\n","protected":false},"author":1,"featured_media":5749,"comment_status":"open","ping_status":"open","sticky":false,"template":"","format":"standard","meta":{"footnotes":""},"categories":[29],"tags":[],"class_list":["post-5824","post","type-post","status-publish","format-standard","has-post-thumbnail","hentry","category-inter-lojistik"],"_links":{"self":[{"href":"https:\/\/interlojistik.com.tr\/en\/wp-json\/wp\/v2\/posts\/5824","targetHints":{"allow":["GET"]}}],"collection":[{"href":"https:\/\/interlojistik.com.tr\/en\/wp-json\/wp\/v2\/posts"}],"about":[{"href":"https:\/\/interlojistik.com.tr\/en\/wp-json\/wp\/v2\/types\/post"}],"author":[{"embeddable":true,"href":"https:\/\/interlojistik.com.tr\/en\/wp-json\/wp\/v2\/users\/1"}],"replies":[{"embeddable":true,"href":"https:\/\/interlojistik.com.tr\/en\/wp-json\/wp\/v2\/comments?post=5824"}],"version-history":[{"count":1,"href":"https:\/\/interlojistik.com.tr\/en\/wp-json\/wp\/v2\/posts\/5824\/revisions"}],"predecessor-version":[{"id":5825,"href":"https:\/\/interlojistik.com.tr\/en\/wp-json\/wp\/v2\/posts\/5824\/revisions\/5825"}],"wp:featuredmedia":[{"embeddable":true,"href":"https:\/\/interlojistik.com.tr\/en\/wp-json\/wp\/v2\/media\/5749"}],"wp:attachment":[{"href":"https:\/\/interlojistik.com.tr\/en\/wp-json\/wp\/v2\/media?parent=5824"}],"wp:term":[{"taxonomy":"category","embeddable":true,"href":"https:\/\/interlojistik.com.tr\/en\/wp-json\/wp\/v2\/categories?post=5824"},{"taxonomy":"post_tag","embeddable":true,"href":"https:\/\/interlojistik.com.tr\/en\/wp-json\/wp\/v2\/tags?post=5824"}],"curies":[{"name":"wp","href":"https:\/\/api.w.org\/{rel}","templated":true}]}}