{"id":5841,"date":"2021-12-06T23:51:00","date_gmt":"2021-12-06T23:51:00","guid":{"rendered":"https:\/\/interlojistik.com.tr\/en\/?p=5841"},"modified":"2021-12-06T23:51:00","modified_gmt":"2021-12-06T23:51:00","slug":"istanbuldan-belcikaya-ev-esyasi-tasima-fiyatlari","status":"publish","type":"post","link":"https:\/\/interlojistik.com.tr\/en\/istanbuldan-belcikaya-ev-esyasi-tasima-fiyatlari","title":{"rendered":"\u0130stanbul\u2019dan Bel\u00e7ika&#8217;ya Ev E\u015fyas\u0131 Ta\u015f\u0131ma Fiyatlar\u0131"},"content":{"rendered":"<ul>\n<li><a href=\"https:\/\/interlojistik.com.tr\/en\/istanbuldan-belcikaya-ev-esyasi-tasima-fiyatlari#baslik1\" target=\"_blank\" rel=\"noopener\">\u0130stanbul\u2019dan Bel\u00e7ika&#8217;ya Ev E\u015fyas\u0131 Ta\u015f\u0131ma Fiyatlar\u0131<\/a><\/li>\n<li><a href=\"https:\/\/interlojistik.com.tr\/en\/istanbuldan-belcikaya-ev-esyasi-tasima-fiyatlari#baslik2\" target=\"_blank\" rel=\"noopener\">Bel\u00e7ika\u2019ya e\u015fya ta\u015f\u0131ma fiyatlar\u0131<\/a><\/li>\n<\/ul>\n<p>Hayat \u015fartlar\u0131 ve her ge\u00e7en g\u00fcn de\u011fi\u015fen ko\u015fullar nedeni ile her ge\u00e7en g\u00fcn yeni ihtiya\u00e7lar ortaya \u00e7\u0131kmaktad\u0131r. Bu ihtiya\u00e7lardan birisi de<span>\u00a0<\/span><strong>uluslararas\u0131 e\u015fya ta\u015f\u0131ma<span>\u00a0<\/span><\/strong>ve e\u015fya g\u00f6nderme ihtiyac\u0131d\u0131r. D\u0131\u015far\u0131dan bak\u0131ld\u0131\u011f\u0131 zaman uluslararas\u0131 e\u015fya g\u00f6ndermek, ev ta\u015f\u0131mak, ara\u00e7 ta\u015f\u0131mak gibi i\u015flemler olduk\u00e7a zorlu birer s\u00fcre\u00e7 olarak g\u00f6r\u00fclmektedir. Fakat<span>\u00a0<\/span><strong>\u0130nter Lojistik Grubu<span>\u00a0<\/span><\/strong>bu gibi s\u00fcre\u00e7lerde sizler i\u00e7in profesyonel bir \u00e7\u00f6z\u00fcm orta\u011f\u0131 olmay\u0131 hedeflemektedir. Bilindi\u011fi gibi T\u00fcrkiye n\u00fcfusunun yakla\u015f\u0131k olarak y\u00fczde 20\u2019si \u0130stanbul \u015fehrinde ya\u015famaktad\u0131r. Hal b\u00f6yleyken de \u0130stanbul\u2019dan yurtd\u0131\u015f\u0131na e\u015fya g\u00f6nderme konusunda da olduk\u00e7a optimal \u00e7\u00f6z\u00fcm \u00f6nerileri talebi do\u011fmaktad\u0131r. \u00d6te yandan \u0130stanbul\u2019dan ba\u015fta Avrupa \u00fclkeleri olmak \u00fczere d\u00fcnyan\u0131n d\u00f6rt bir yan\u0131na ev e\u015fyas\u0131 ta\u015f\u0131may\u0131 uzman ekibimiz ve geli\u015fmi\u015f acente a\u011f\u0131m\u0131z ile \u0130nter Lojistik b\u00fcnyesinde ger\u00e7ekle\u015ftiriyoruz. Bahsi ge\u00e7en \u00fclkelerden birisi de Bel\u00e7ika\u2019d\u0131r.<span>\u00a0<\/span><strong>Bel\u00e7ika<span>\u00a0<\/span><\/strong>veya resm\u00ee ad\u0131yla Bel\u00e7ika Krall\u0131\u011f\u0131, Bat\u0131 Avrupa&#8217;da bulunan bir devlettir. Avrupa Birli\u011fi&#8217;ne \u00fcyedir. Birli\u011fin ve NATO gibi baz\u0131 uluslararas\u0131 organizasyonlar\u0131n merkezlerini bar\u0131nd\u0131r\u0131r. 30,528 km\u00b2&#8217;lik bir alan\u0131 kaplayan \u00fclkenin n\u00fcfusu yakla\u015f\u0131k 11,4 milyon ki\u015fidir. Bu n\u00fcfusun i\u00e7erisinde ise 2020 y\u0131l\u0131 verilerine g\u00f6re yakla\u015f\u0131k olarak 200 bin T\u00fcrk vatanda\u015f\u0131 ya\u015famaktad\u0131r. Bu durum ise T\u00fcrkiye &#8211; Bel\u00e7ika aras\u0131nda bir lojistik ihtiyac\u0131 do\u011furmaktad\u0131r.<\/p>\n<p>Avrupa\u2019n\u0131n en g\u00f6zde \u00fclkelerinden birisi olan Bel\u00e7ika, T\u00fcrk vatanda\u015flar taraf\u0131ndan olduk\u00e7a fazla tercih edilen bir \u00fclkedir. Bel\u00e7ika\u2019ya ta\u015f\u0131nma s\u00fcreci ise \u0130nter Lojistik Grubu\u2019nun geli\u015fmi\u015f da\u011f\u0131t\u0131m ve hizmet a\u011f\u0131 ile olduk\u00e7a kolay hale gelmi\u015ftir. \u0130ster Br\u00fcksel\u2019e, isterseniz Antwerp\u2019e veya Charleroi\u2019ye ta\u015f\u0131n\u0131n. \u0130nter Lojistik Grubu\u2019nun sizlere sundu\u011fu hizmetler ile T\u00fcrkiye\u2019den Bel\u00e7ika\u2019ya istedi\u011finiz bir noktaya ta\u015f\u0131nabilirsiniz. Bel\u00e7ika Avrupa\u2019n\u0131n pop\u00fcler ya\u015fam noktalar\u0131ndan biridir. \u0130nter Lojistik Grubu ise y\u0131llard\u0131r Bel\u00e7ika\u2019ya ev e\u015fyas\u0131 ta\u015f\u0131maya dair hizmet sunmaktad\u0131r. Ki\u015fisel e\u015fyalar\u0131n\u0131z\u0131, ev e\u015fyalar\u0131n\u0131z\u0131, ofis e\u015fyalar\u0131n\u0131z\u0131 ve i\u015finize dair her t\u00fcrl\u00fc ta\u015f\u0131n\u0131r mal\u0131 \u0130nter Lojistik Grubu ile ta\u015f\u0131yabilirsiniz.<\/p>\n<p><strong>Bel\u00e7ika\u2019ya ev e\u015fyas\u0131 ta\u015f\u0131ma<span>\u00a0<\/span><\/strong>s\u00fcrecinde yap\u0131lmas\u0131 gereken ilk ad\u0131m hangi e\u015fyalar\u0131 ta\u015f\u0131yaca\u011f\u0131n\u0131z\u0131 veya g\u00f6nderece\u011finizi planlamak ve karar vermektir. Bu planlamaya ba\u011fl\u0131 olarak yap\u0131lacak olan ta\u015f\u0131nma organizasyonu di\u011fer ad\u0131mlar\u0131 kolayla\u015ft\u0131racakt\u0131r. Gerekli noktalarda uzman ekibimiz taraf\u0131ndan planlama, kolileme, paketleme gibi konularda destek isteyebilirsiniz. Planlama, paketleme ve y\u00fckleme gibi i\u015flemler tamamland\u0131ktan sonra e\u015fyalar\u0131n\u0131z yola \u00e7\u0131kacakt\u0131r. T\u00fcrkiye &#8211; Bel\u00e7ika aras\u0131 ev e\u015fyas\u0131 ta\u015f\u0131ma hizmetimiz g\u00fcmr\u00fck hizmetleri dahil yakla\u015f\u0131k 8 ile 10 g\u00fcn aras\u0131nda s\u00fcrmektedir.<\/p>\n<p><img decoding=\"async\" src=\"https:\/\/interlojistik.com.tr\/en\/view\/img\/blog\/turkiyeden-belcikaya-ev-tasimak.jpg\" alt=\"\u0130nter Lojistik\" \/><span>\u00a0<\/span><strong>Bel\u00e7ika\u2019ya e\u015fya ta\u015f\u0131ma fiyatlar\u0131<span>\u00a0<\/span><\/strong>konusunu belirleyen temel olarak iki fakt\u00f6r vard\u0131r. Birinci fakt\u00f6r ta\u015f\u0131nacak olan e\u015fya miktar\u0131n\u0131n metrek\u00fcp cinsinden miktar\u0131d\u0131r. Temel olarak ta\u015f\u0131nacak olan e\u015fya miktar\u0131 artt\u0131k\u00e7a fiyat ayn\u0131 kademede artmayacakt\u0131r. \u00d6rnek vermek gerekirse 20 metrek\u00fcp hacimsel de\u011fere sahip olan bir paket 150 Euro \/ metrek\u00fcp olarak hesaplan\u0131rsa ortaya \u00e7\u0131kacak olan toplam rakam 3.000 Euro olacakt\u0131r. Fakat 40 metrek\u00fcp e\u015fya ta\u015f\u0131nmak istenirse hacim iki kat\u0131na \u00e7\u0131kmas\u0131na ra\u011fmen metrek\u00fcp fiyat\u0131 120 Euro \/ metrek\u00fcp olarak hesaplanacak ve toplam fiyat 6.000 Euro yerine 4.800 Euro olarak hesaplanacakt\u0131r. Sabit maliyetlerin de\u011fi\u015fmedi\u011fi g\u00f6z \u00f6n\u00fcnde bulundurulursa hacim artt\u0131k\u00e7a birim ba\u015f\u0131na d\u00fc\u015fen ta\u015f\u0131ma maliyeti azalacakt\u0131r diyebiliriz.<\/p>\n<p>Fiyatland\u0131rmaya etki eden bir di\u011fer fakt\u00f6r ise ta\u015f\u0131ma yap\u0131lacak olan toplam mesafedir. Bu konuya \u00f6rnek vermek gerekirse; \u0130stanbul ve Br\u00fcksel aras\u0131 uzakl\u0131k 2.600 kilometre iken,<span>\u00a0<\/span><strong>\u0130stanbul ve Brugge aras\u0131<span>\u00a0<\/span><\/strong>mesafe 2900 kilometredir. \u0130ki konum da<span>\u00a0<\/span><strong>\u0130stanbul &#8211; Bel\u00e7ika aras\u0131<span>\u00a0<\/span><\/strong>olarak g\u00f6r\u00fclebilir fakat aradaki mesafe fark\u0131 ortaya bir maliyet fark\u0131 \u00e7\u0131karacakt\u0131r.<\/p>\n<p>Fiyatland\u0131rma \u00f6rneklerinde verilen rakamlar kesin rakamlar olmay\u0131p<span>\u00a0<\/span><strong>tamam\u0131yla \u00f6rneklendirme<span>\u00a0<\/span><\/strong>i\u00e7in baz al\u0131nm\u0131\u015ft\u0131r.<\/p>\n<p><strong>Daha detayl\u0131 bilgiler ve fiyatlara ula\u015fmak i\u00e7in bizimle 444 61 85 numaral\u0131 telefon numaras\u0131ndan veya info@internakliyat.com mail adresinden ula\u015fabilirsiniz.<\/strong><\/p>\n","protected":false},"excerpt":{"rendered":"<p>\u0130stanbul\u2019dan Bel\u00e7ika&#8217;ya Ev E\u015fyas\u0131 Ta\u015f\u0131ma Fiyatlar\u0131 Bel\u00e7ika\u2019ya e\u015fya ta\u015f\u0131ma fiyatlar\u0131 Hayat \u015fartlar\u0131 ve her ge\u00e7en g\u00fcn de\u011fi\u015fen ko\u015fullar nedeni ile her ge\u00e7en g\u00fcn yeni ihtiya\u00e7lar ortaya \u00e7\u0131kmaktad\u0131r. Bu ihtiya\u00e7lardan birisi de\u00a0uluslararas\u0131 e\u015fya ta\u015f\u0131ma\u00a0ve e\u015fya g\u00f6nderme ihtiyac\u0131d\u0131r. D\u0131\u015far\u0131dan bak\u0131ld\u0131\u011f\u0131 zaman uluslararas\u0131 e\u015fya g\u00f6ndermek, ev ta\u015f\u0131mak, ara\u00e7 ta\u015f\u0131mak gibi i\u015flemler olduk\u00e7a zorlu birer s\u00fcre\u00e7 olarak g\u00f6r\u00fclmektedir. Fakat\u00a0\u0130nter [&hellip;]<\/p>\n","protected":false},"author":1,"featured_media":5749,"comment_status":"open","ping_status":"open","sticky":false,"template":"","format":"standard","meta":{"footnotes":""},"categories":[29],"tags":[],"class_list":["post-5841","post","type-post","status-publish","format-standard","has-post-thumbnail","hentry","category-inter-lojistik"],"_links":{"self":[{"href":"https:\/\/interlojistik.com.tr\/en\/wp-json\/wp\/v2\/posts\/5841","targetHints":{"allow":["GET"]}}],"collection":[{"href":"https:\/\/interlojistik.com.tr\/en\/wp-json\/wp\/v2\/posts"}],"about":[{"href":"https:\/\/interlojistik.com.tr\/en\/wp-json\/wp\/v2\/types\/post"}],"author":[{"embeddable":true,"href":"https:\/\/interlojistik.com.tr\/en\/wp-json\/wp\/v2\/users\/1"}],"replies":[{"embeddable":true,"href":"https:\/\/interlojistik.com.tr\/en\/wp-json\/wp\/v2\/comments?post=5841"}],"version-history":[{"count":1,"href":"https:\/\/interlojistik.com.tr\/en\/wp-json\/wp\/v2\/posts\/5841\/revisions"}],"predecessor-version":[{"id":5842,"href":"https:\/\/interlojistik.com.tr\/en\/wp-json\/wp\/v2\/posts\/5841\/revisions\/5842"}],"wp:featuredmedia":[{"embeddable":true,"href":"https:\/\/interlojistik.com.tr\/en\/wp-json\/wp\/v2\/media\/5749"}],"wp:attachment":[{"href":"https:\/\/interlojistik.com.tr\/en\/wp-json\/wp\/v2\/media?parent=5841"}],"wp:term":[{"taxonomy":"category","embeddable":true,"href":"https:\/\/interlojistik.com.tr\/en\/wp-json\/wp\/v2\/categories?post=5841"},{"taxonomy":"post_tag","embeddable":true,"href":"https:\/\/interlojistik.com.tr\/en\/wp-json\/wp\/v2\/tags?post=5841"}],"curies":[{"name":"wp","href":"https:\/\/api.w.org\/{rel}","templated":true}]}}