{"id":5847,"date":"2021-12-06T23:55:24","date_gmt":"2021-12-06T23:55:24","guid":{"rendered":"https:\/\/interlojistik.com.tr\/en\/?p=5847"},"modified":"2021-12-06T23:55:24","modified_gmt":"2021-12-06T23:55:24","slug":"istanbuldan-isvicreye-ev-esyasi-tasima-fiyatlari","status":"publish","type":"post","link":"https:\/\/interlojistik.com.tr\/en\/istanbuldan-isvicreye-ev-esyasi-tasima-fiyatlari","title":{"rendered":"\u0130stanbul\u2019dan \u0130svi\u00e7re\u2019ye Ev E\u015fyas\u0131 Ta\u015f\u0131ma Fiyatlar\u0131"},"content":{"rendered":"<ul>\n<li><a href=\"https:\/\/interlojistik.com.tr\/en\/istanbuldan-isvicreye-ev-esyasi-tasima-fiyatlari#baslik1\" target=\"_blank\" rel=\"noopener\">\u0130stanbul\u2019dan \u0130svi\u00e7re\u2019ye Ev E\u015fyas\u0131 Ta\u015f\u0131ma Fiyatlar\u0131<\/a><\/li>\n<\/ul>\n<p>\u0130\u00e7inde bulundu\u011fumuz ya\u015fam \u015fartlar\u0131 ve geli\u015fen baz\u0131 olaylar nedeni ile uluslararas\u0131 temelli olarak ta\u015f\u0131nma veya ev e\u015fyas\u0131 g\u00f6nderme ihtiyac\u0131n\u0131z ortaya \u00e7\u0131kabilmektedir.<span>\u00a0<\/span><strong>Uluslararas\u0131 ev e\u015fyas\u0131 ta\u015f\u0131ma<span>\u00a0<\/span><\/strong>s\u00fcrecinin ise \u015fehirden \u015fehre ta\u015f\u0131ma kadar basit bir konu olmad\u0131\u011f\u0131 ortadad\u0131r. Bu s\u00fcre\u00e7te uluslararas\u0131 e\u015fya ta\u015f\u0131ma s\u00fcreci ger\u00e7ekle\u015ftirilirken \u00e7ok fazla miktarda evrak ve mevzuat konular\u0131 gibi i\u015flemler kar\u015f\u0131n\u0131za \u00e7\u0131kacakt\u0131r. D\u0131\u015far\u0131dan bak\u0131ld\u0131\u011f\u0131 zaman olduk\u00e7a karma\u015f\u0131k olarak g\u00f6r\u00fcnen bu s\u00fcre\u00e7<span>\u00a0<\/span><strong>\u0130nter Lojistik Grubu<span>\u00a0<\/span><\/strong>taraf\u0131ndan \u00fcstlenilerek e\u015fyalar\u0131n\u0131z\u0131n evinizden al\u0131narak yeni konumuna b\u0131rak\u0131lmas\u0131na kadar profesyonel bir \u015fekilde organize edilmektedir. \u0130nter Lojistik Grubu taraf\u0131ndan ba\u015fta \u0130stanbul olmak \u00fczere T\u00fcrkiye\u2019nin her b\u00f6lgesinden d\u00fcnyan\u0131n d\u00f6rt bir yan\u0131na adrese teslim ev e\u015fyas\u0131 ta\u015f\u0131ma faaliyetleriniz profesyonel bir \u015fekilde organize edilmektedir.<\/p>\n<p>T\u00fcrk vatanda\u015flar taraf\u0131ndan olduk\u00e7a s\u0131k ev e\u015fyas\u0131 transfer faaliyeti ger\u00e7ekle\u015ftirilen \u00fclkelerden birisi de \u0130svi\u00e7re\u2019dir. \u0130svi\u00e7re veya resm\u00ee ad\u0131yla \u0130svi\u00e7re Konfederasyonu; Bat\u0131, Orta ve G\u00fcney Avrupa&#8217;n\u0131n kesi\u015fme noktas\u0131nda bulunan bir \u00fclke. Federal otoritelerin merkezi Bern ile birlikte 26 kantondan olu\u015fan bir federal cumhuriyettir. 2020 verilerine g\u00f6re \u0130svi\u00e7re\u2019nin toplam n\u00fcfusu yakla\u015f\u0131k olarak 9 milyondur ve bu n\u00fcfusun y\u00fczde 22\u2019sini yabanc\u0131 vatanda\u015flar olu\u015fturmaktad\u0131r. Yabanc\u0131 n\u00fcfusun ise b\u00fcy\u00fck bir \u00e7o\u011funlu\u011funu T\u00fcrk vatanda\u015flar olu\u015fturmaktad\u0131r. Rakamsal olarak ifade etmek gerekirse \u0130svi\u00e7re\u2019de 2021 y\u0131l\u0131 itibari ile yakla\u015f\u0131k olarak 80 bin kadar T\u00fcrk n\u00fcfusu bulunmaktad\u0131r. Bu n\u00fcfus ise<span>\u00a0<\/span><strong>T\u00fcrkiye \u0130svi\u00e7re aras\u0131 ev e\u015fyas\u0131 ta\u015f\u0131ma<span>\u00a0<\/span><\/strong>faaliyetlerini ortaya \u00e7\u0131karmaktad\u0131r.<\/p>\n<p>T\u00fcrkiye\u2019den herhangi bir sebeple<span>\u00a0<\/span><strong>yurtd\u0131\u015f\u0131na ev e\u015fyas\u0131 ta\u015f\u0131nma<span>\u00a0<\/span><\/strong>s\u00fcreci \u0130nter Lojistik Grubu taraf\u0131ndan \u00fcstlenildi\u011fi takdirde size \u00f6zel olarak planlamalar yap\u0131lmaktad\u0131r. \u0130nter Lojistik Grubu sizlere yaln\u0131zca ev e\u015fyas\u0131 transferi de\u011fil, ta\u015f\u0131ma hizmeti \u00f6ncesinde, ta\u015f\u0131nma s\u0131ras\u0131nda ve ta\u015f\u0131nma sonras\u0131nda da destek sa\u011flamaktad\u0131r. \u00d6rnek vermek gerekirse gerekli durumlarda kolileme ve paketleme konusunda, g\u00fcmr\u00fckleme hizmetleri konusunda ve gerekli durumlarda depolama hizmetlerini s\u0131ralayabiliriz. Sa\u011fl\u0131kl\u0131 bir \u00fclkeler aras\u0131nda e\u015fya transferi ger\u00e7ekle\u015ftirmek i\u00e7in yap\u0131lmas\u0131 gereken en \u00f6nemli \u015fey ta\u015f\u0131nma \u00f6ncesi planlamad\u0131r. Hangi e\u015fyalar\u0131n ta\u015f\u0131naca\u011f\u0131, ta\u015f\u0131nacak olan e\u015fyalar\u0131n ne t\u00fcr zarar g\u00f6rebilece\u011fi ve bunlara y\u00f6nelik al\u0131nacak tedbirler, e\u015fyalar\u0131n t\u00fcr\u00fcne g\u00f6re paketleme ve koruma gibi konularda gerekli planlamalar yap\u0131lmal\u0131d\u0131r. Bu yaz\u0131m\u0131zda belirtti\u011fimiz gibi bu gibi planlamalar yap\u0131l\u0131rken gerekli durumlarda kolileme, paketleme gibi noktalarda uzman ekibimiz taraf\u0131ndan destek talep edebilirsiniz.<\/p>\n<p><strong>T\u00fcrkiye\u2019den \u0130svi\u00e7re\u2019ye ev e\u015fyas\u0131 ta\u015f\u0131ma fiyatlar\u0131<span>\u00a0<\/span><\/strong>belirlenirken g\u00f6z \u00f6n\u00fcnde bulundurulan bir\u00e7ok fakt\u00f6r vard\u0131r. Fiyata etki eden fakt\u00f6rlerden birincisi ta\u015f\u0131nacak olan e\u015fyalar\u0131n metrek\u00fcp cinsinden hacimleri yani e\u015fyalar\u0131n miktar\u0131d\u0131r. Fiyatland\u0131rma konusuna \u00f6rnek vermek gerekirse T\u00fcrkiye \u0130svi\u00e7re aras\u0131nda ta\u015f\u0131nacak olan toplam 30 metrek\u00fcp e\u015fyan\u0131z bulunmakta. Bu e\u015fyalar 100 Euro \/ metrek\u00fcp olarak hesapland\u0131\u011f\u0131 takdirde ortaya 3.000 Euro gibi bir fiyat \u00e7\u0131kacakt\u0131r. Fakat sabit maliyetler de\u011fi\u015fmedi\u011fi i\u00e7in hacim artt\u0131k\u00e7a fiyat do\u011frusal olarak<strong><span>\u00a0<\/span>artmayacakt\u0131r<span>\u00a0<\/span><\/strong>. Ayn\u0131 durumda 60 metrek\u00fcp e\u015fya ta\u015f\u0131naca\u011f\u0131n\u0131 varsayarsak bu sefer ortaya \u00e7\u0131kacak olan fiyat 6.000 Euro olmayacak birim metrek\u00fcp fiyat\u0131 azalacakt\u0131r. 60 metrek\u00fcp e\u015fya ta\u015f\u0131naca\u011f\u0131 durumda fiyat 75 Euro \/ metrek\u00fcp olacakt\u0131r ve toplam fiyat ise 6.000 Euro yerine 4.500 Euro olarak ortaya \u00e7\u0131kacakt\u0131r.<span>\u00a0<\/span><strong>T\u00fcrkiye\u2019den \u0130svi\u00e7re\u2019ye ev e\u015fyas\u0131 ta\u015f\u0131ma fiyatlar\u0131<span>\u00a0<\/span><\/strong>belirlenirken fiyatlara en \u00e7ok etki eden bir di\u011fer fakt\u00f6r ise toplam mesafedir. \u00d6rnek vermek gerekirse; \u0130stanbul ve Z\u00fcrih aras\u0131 yakla\u015f\u0131k olarak 2.100 kilometre iken, \u0130stanbul ile Cenevre aras\u0131 2.350 kilometredir. \u0130ki \u015fehir aras\u0131ndaki kilometre fark\u0131 do\u011frudan maliyetleri etkiledi\u011fi i\u00e7in iki durumda da T\u00fcrkiye \u0130svi\u00e7re aras\u0131 ta\u015f\u0131mac\u0131l\u0131k olarak g\u00f6r\u00fclse de fiyat fark\u0131 ortaya \u00e7\u0131kacakt\u0131r. Fiyatland\u0131rma \u00f6rneklerinde verilen rakamlar kesin rakamlar olmay\u0131p<span>\u00a0<\/span><strong>tamam\u0131yla \u00f6rneklendirme<span>\u00a0<\/span><\/strong>i\u00e7in baz al\u0131nm\u0131\u015ft\u0131r.<span>\u00a0<\/span><strong>Daha detayl\u0131 bilgiler ve fiyatlara ula\u015fmak i\u00e7in bizimle 444 61 85 numaral\u0131 telefon numaras\u0131ndan veya info@internakliyat.com mail adresinden ileti\u015fim kurabilirsiniz.<\/strong><\/p>\n","protected":false},"excerpt":{"rendered":"<p>\u0130stanbul\u2019dan \u0130svi\u00e7re\u2019ye Ev E\u015fyas\u0131 Ta\u015f\u0131ma Fiyatlar\u0131 \u0130\u00e7inde bulundu\u011fumuz ya\u015fam \u015fartlar\u0131 ve geli\u015fen baz\u0131 olaylar nedeni ile uluslararas\u0131 temelli olarak ta\u015f\u0131nma veya ev e\u015fyas\u0131 g\u00f6nderme ihtiyac\u0131n\u0131z ortaya \u00e7\u0131kabilmektedir.\u00a0Uluslararas\u0131 ev e\u015fyas\u0131 ta\u015f\u0131ma\u00a0s\u00fcrecinin ise \u015fehirden \u015fehre ta\u015f\u0131ma kadar basit bir konu olmad\u0131\u011f\u0131 ortadad\u0131r. Bu s\u00fcre\u00e7te uluslararas\u0131 e\u015fya ta\u015f\u0131ma s\u00fcreci ger\u00e7ekle\u015ftirilirken \u00e7ok fazla miktarda evrak ve mevzuat konular\u0131 gibi [&hellip;]<\/p>\n","protected":false},"author":1,"featured_media":5760,"comment_status":"open","ping_status":"open","sticky":false,"template":"","format":"standard","meta":{"footnotes":""},"categories":[29],"tags":[],"class_list":["post-5847","post","type-post","status-publish","format-standard","has-post-thumbnail","hentry","category-inter-lojistik"],"_links":{"self":[{"href":"https:\/\/interlojistik.com.tr\/en\/wp-json\/wp\/v2\/posts\/5847","targetHints":{"allow":["GET"]}}],"collection":[{"href":"https:\/\/interlojistik.com.tr\/en\/wp-json\/wp\/v2\/posts"}],"about":[{"href":"https:\/\/interlojistik.com.tr\/en\/wp-json\/wp\/v2\/types\/post"}],"author":[{"embeddable":true,"href":"https:\/\/interlojistik.com.tr\/en\/wp-json\/wp\/v2\/users\/1"}],"replies":[{"embeddable":true,"href":"https:\/\/interlojistik.com.tr\/en\/wp-json\/wp\/v2\/comments?post=5847"}],"version-history":[{"count":1,"href":"https:\/\/interlojistik.com.tr\/en\/wp-json\/wp\/v2\/posts\/5847\/revisions"}],"predecessor-version":[{"id":5848,"href":"https:\/\/interlojistik.com.tr\/en\/wp-json\/wp\/v2\/posts\/5847\/revisions\/5848"}],"wp:featuredmedia":[{"embeddable":true,"href":"https:\/\/interlojistik.com.tr\/en\/wp-json\/wp\/v2\/media\/5760"}],"wp:attachment":[{"href":"https:\/\/interlojistik.com.tr\/en\/wp-json\/wp\/v2\/media?parent=5847"}],"wp:term":[{"taxonomy":"category","embeddable":true,"href":"https:\/\/interlojistik.com.tr\/en\/wp-json\/wp\/v2\/categories?post=5847"},{"taxonomy":"post_tag","embeddable":true,"href":"https:\/\/interlojistik.com.tr\/en\/wp-json\/wp\/v2\/tags?post=5847"}],"curies":[{"name":"wp","href":"https:\/\/api.w.org\/{rel}","templated":true}]}}