{"id":5855,"date":"2021-12-07T00:04:06","date_gmt":"2021-12-07T00:04:06","guid":{"rendered":"https:\/\/interlojistik.com.tr\/en\/?p=5855"},"modified":"2021-12-07T00:04:06","modified_gmt":"2021-12-07T00:04:06","slug":"turkiyeden-yurtdisina-nasil-mobilya-getirilir","status":"publish","type":"post","link":"https:\/\/interlojistik.com.tr\/en\/turkiyeden-yurtdisina-nasil-mobilya-getirilir","title":{"rendered":"T\u00fcrkiye\u2019den Yurtd\u0131\u015f\u0131na Nas\u0131l Mobilya Getirilir ?"},"content":{"rendered":"<ul>\n<li><a href=\"https:\/\/interlojistik.com.tr\/en\/turkiyeden-yurtdisina-nasil-mobilya-getirilir#baslik1\" target=\"_blank\" rel=\"noopener\">T\u00fcrkiye\u2019den Yurtd\u0131\u015f\u0131na Nas\u0131l Mobilya Getirilir ?<\/a><\/li>\n<\/ul>\n<p>T\u00fcrkiye\u2019den<span>\u00a0<\/span><strong>yurtd\u0131\u015f\u0131na mobilya g\u00f6ndermek<span>\u00a0<\/span><\/strong>istiyorsan\u0131z ve ara\u015ft\u0131rmalar\u0131n\u0131z sonucunda yolunuz bizim ile kesi\u015fti ise do\u011fru adrestesiniz demektir.<\/p>\n<p>Yurtd\u0131\u015f\u0131na g\u00f6t\u00fcr\u00fclen e\u015fyalarda \u00f6n s\u0131ralarda mobilya ve beyaz e\u015fya gibi b\u00fcy\u00fck ebatl\u0131 e\u015fyalar yer almaktad\u0131r. \u00d6zellikle de \u00fclkemizde<span>\u00a0<\/span><strong>mobilya imalat\u0131<span>\u00a0<\/span><\/strong>ve mobilya \u00e7e\u015fidinin fazla olmas\u0131, yurtd\u0131\u015f\u0131nda ya\u015famakta olan vatanda\u015flar\u0131m\u0131z\u0131n T\u00fcrkiye\u2019den yurt d\u0131\u015f\u0131na mobilya transferi yapmalar\u0131ndaki sebeplerden bir tanesidir. Fiyat olarak da burada bulunan mobilyalar yurt d\u0131\u015f\u0131ndakilere oranla daha uygundur. Sadece yurt d\u0131\u015f\u0131nda ikamet eden T\u00fcrk vatanda\u015flar\u0131 de\u011fil, hem de yurtd\u0131\u015f\u0131nda ya\u015famakta olan yabanc\u0131 \u00fclke uyruklu vatanda\u015flar da T\u00fcrkiye\u2019den mobilya g\u00f6t\u00fcrmektedir. Biz \u0130nter Lojistik olarak, T\u00fcrkiye\u2019nin her yerinden mobilyalar\u0131n\u0131z\u0131 alarak yurtd\u0131\u015f\u0131nda ya\u015famakta oldu\u011funuz \u015fehre problemsiz ve garantili \u015fekilde teslim ediyoruz. Firmam\u0131z yurt d\u0131\u015f\u0131 mobilya ta\u015f\u0131ma fiyatlar\u0131 konusunda da sizlere uygun maliyetli bir hizmet \u00fcretmeyi ama\u00e7lamaktad\u0131r. \u00d6zellikle Bursa ve Kayseri gibi mobilya \u00fcretiminin fazla oldu\u011fu \u015fehirlerde mobilya sat\u0131n al\u0131mlar\u0131 daha fazlad\u0131r. \u0130sterseniz bu \u015fehirlerden de T\u00fcrkiye\u2019nin d\u00f6rt bir yan\u0131ndan da istedi\u011finiz mobilyalar\u0131n\u0131z\u0131 yurt d\u0131\u015f\u0131na g\u00f6t\u00fcrmekteyiz. Almanya ve Fransa\u2019da ya\u015famakta olan vatanda\u015flar mobilya ta\u015f\u0131ma i\u015flemlerinde yo\u011fun talep g\u00f6stermektedirler. Yaln\u0131zca oralarda ikamet eden T\u00fcrk vatanda\u015flar\u0131 de\u011fil, oralarda ya\u015famakta olan yabanc\u0131 uyruklu yurtta\u015flar da T\u00fcrkiye\u2019den mobilya getirmeyi talep ederler.<\/p>\n<p><img decoding=\"async\" src=\"https:\/\/interlojistik.com.tr\/en\/view\/img\/blog\/cropped-assa.png\" alt=\"\u0130nter Lojistik\" \/><span>\u00a0<\/span>Mobilyalar\u0131n\u0131z\u0131 yurt d\u0131\u015f\u0131ndaki adresinize ta\u015f\u0131rken, hem dikkatli hem de h\u0131zl\u0131 bir ta\u015f\u0131ma prensibimizi uyguluyoruz. Yani, e\u015fyalar\u0131n\u0131z\u0131 g\u00fcvenli bir bi\u00e7imde yurt d\u0131\u015f\u0131ndaki adresinize g\u00f6t\u00fcr\u00fcrken, hem de bunu sizi \u00e7ok bekletmeden h\u0131zl\u0131 \u015fekilde yapmaya \u00e7al\u0131\u015fmaktay\u0131z. Elbette mobilyalar\u0131n ta\u015f\u0131n\u0131rken hangi \u00fclkeye g\u00f6t\u00fcr\u00fcld\u00fc\u011f\u00fc konusu da ta\u015f\u0131nma s\u00fcresinde en \u00f6nemli etkendir. Mobilyalar\u0131n\u0131z\u0131n yurt d\u0131\u015f\u0131ndaki adresinize g\u00f6t\u00fcr\u00fclme s\u00fcrecinde, dilerseniz s\u0131f\u0131r mobilya sat\u0131n alm\u0131\u015f olun, dilerseniz de evinizdeki mobilyalar\u0131 \u00fclke d\u0131\u015f\u0131na g\u00f6t\u00fcr\u00fcn yurt d\u0131\u015f\u0131 mobilya ta\u015f\u0131ma fiyatlar\u0131 konusunda uygun bir hizmet sunmaktay\u0131z. Mobilya ta\u015f\u0131mak profesyonellik isteyen ve kurumsal firmalar\u0131n ba\u015far\u0131 ile y\u00fcr\u00fctm\u00fc\u015f oldu\u011fu bir ta\u015f\u0131ma \u015feklidir. Biz<span>\u00a0<\/span><strong>\u0130nter Lojistik Grubu<span>\u00a0<\/span><\/strong>olarak mobilyalar\u0131n\u0131z\u0131n T\u00fcrkiye\u2019de y\u00fcklenme a\u015famas\u0131ndan itibaren sizler bu konu da nitelikli hizmet sunmaktay\u0131z. Mobilyalar\u0131n \u00e7izilmemesi ve y\u00fcklenirken herhangi bir bi\u00e7imde zarar g\u00f6rmemesi i\u00e7in, dikkatli \u015fekilde y\u00fckleme i\u015flemini ger\u00e7ekle\u015ftiriyoruz. Mobilyalar\u0131 konforlu ara\u00e7lar\u0131m\u0131za dikkatli bir \u015fekilde y\u00fckledikten sonra da gidece\u011fi \u00fclkeye kadar herhangi bir zarar g\u00f6rmemesi i\u00e7in ideal h\u0131zda, konforlu bir yolculuk yaparak gidiyoruz. \u0130\u015flemlerden \u00f6nce protokollerimizi yerine getirerek, mobilyalar\u0131n\u0131z\u0131n zarar g\u00f6rmemesi ad\u0131na da sizi koruma alt\u0131na alm\u0131\u015f oluyoruz. S\u00fcre ve fiyatlarla ilgili ayr\u0131nt\u0131l\u0131 bilgi i\u00e7in, bize ula\u015fabilirsiniz.<\/p>\n<p>\u0130nter Lojistik Grubu taraf\u0131ndan talep etti\u011finiz<span>\u00a0<\/span><strong>yurtd\u0131\u015f\u0131na mobilya g\u00f6nderme<span>\u00a0<\/span><\/strong>hizmetiniz sekt\u00f6r\u00fcn gereklilikleri ve m\u00fc\u015fteri ihtiya\u00e7lar\u0131 do\u011frultusunda organize edilerek m\u00fc\u015fteri memnuniyeti odakl\u0131 hizmet vermeyi ama\u00e7 edinmekteyiz.<\/p>\n<p><strong>Daha detayl\u0131 bilgiler ve fiyatlara ula\u015fmak i\u00e7in bizimle 444 61 85 numaral\u0131 telefon numaras\u0131ndan veya info@internakliyat.com mail adresinden ileti\u015fime ge\u00e7ebilirsiniz.<\/strong><\/p>\n","protected":false},"excerpt":{"rendered":"<p>T\u00fcrkiye\u2019den Yurtd\u0131\u015f\u0131na Nas\u0131l Mobilya Getirilir ? T\u00fcrkiye\u2019den\u00a0yurtd\u0131\u015f\u0131na mobilya g\u00f6ndermek\u00a0istiyorsan\u0131z ve ara\u015ft\u0131rmalar\u0131n\u0131z sonucunda yolunuz bizim ile kesi\u015fti ise do\u011fru adrestesiniz demektir. Yurtd\u0131\u015f\u0131na g\u00f6t\u00fcr\u00fclen e\u015fyalarda \u00f6n s\u0131ralarda mobilya ve beyaz e\u015fya gibi b\u00fcy\u00fck ebatl\u0131 e\u015fyalar yer almaktad\u0131r. \u00d6zellikle de \u00fclkemizde\u00a0mobilya imalat\u0131\u00a0ve mobilya \u00e7e\u015fidinin fazla olmas\u0131, yurtd\u0131\u015f\u0131nda ya\u015famakta olan vatanda\u015flar\u0131m\u0131z\u0131n T\u00fcrkiye\u2019den yurt d\u0131\u015f\u0131na mobilya transferi yapmalar\u0131ndaki sebeplerden bir [&hellip;]<\/p>\n","protected":false},"author":1,"featured_media":5741,"comment_status":"open","ping_status":"open","sticky":false,"template":"","format":"standard","meta":{"footnotes":""},"categories":[29],"tags":[],"class_list":["post-5855","post","type-post","status-publish","format-standard","has-post-thumbnail","hentry","category-inter-lojistik"],"_links":{"self":[{"href":"https:\/\/interlojistik.com.tr\/en\/wp-json\/wp\/v2\/posts\/5855","targetHints":{"allow":["GET"]}}],"collection":[{"href":"https:\/\/interlojistik.com.tr\/en\/wp-json\/wp\/v2\/posts"}],"about":[{"href":"https:\/\/interlojistik.com.tr\/en\/wp-json\/wp\/v2\/types\/post"}],"author":[{"embeddable":true,"href":"https:\/\/interlojistik.com.tr\/en\/wp-json\/wp\/v2\/users\/1"}],"replies":[{"embeddable":true,"href":"https:\/\/interlojistik.com.tr\/en\/wp-json\/wp\/v2\/comments?post=5855"}],"version-history":[{"count":1,"href":"https:\/\/interlojistik.com.tr\/en\/wp-json\/wp\/v2\/posts\/5855\/revisions"}],"predecessor-version":[{"id":5856,"href":"https:\/\/interlojistik.com.tr\/en\/wp-json\/wp\/v2\/posts\/5855\/revisions\/5856"}],"wp:featuredmedia":[{"embeddable":true,"href":"https:\/\/interlojistik.com.tr\/en\/wp-json\/wp\/v2\/media\/5741"}],"wp:attachment":[{"href":"https:\/\/interlojistik.com.tr\/en\/wp-json\/wp\/v2\/media?parent=5855"}],"wp:term":[{"taxonomy":"category","embeddable":true,"href":"https:\/\/interlojistik.com.tr\/en\/wp-json\/wp\/v2\/categories?post=5855"},{"taxonomy":"post_tag","embeddable":true,"href":"https:\/\/interlojistik.com.tr\/en\/wp-json\/wp\/v2\/tags?post=5855"}],"curies":[{"name":"wp","href":"https:\/\/api.w.org\/{rel}","templated":true}]}}