{"id":5857,"date":"2021-12-07T00:05:03","date_gmt":"2021-12-07T00:05:03","guid":{"rendered":"https:\/\/interlojistik.com.tr\/en\/?p=5857"},"modified":"2021-12-07T00:05:03","modified_gmt":"2021-12-07T00:05:03","slug":"uluslararasi-esya-tasima","status":"publish","type":"post","link":"https:\/\/interlojistik.com.tr\/en\/uluslararasi-esya-tasima","title":{"rendered":"Uluslararas\u0131 E\u015fya Ta\u015f\u0131ma"},"content":{"rendered":"<ul>\n<li><a href=\"https:\/\/interlojistik.com.tr\/en\/uluslararasi-esya-tasima#baslik1\">Yurtd\u0131\u015f\u0131 Konteyner Ta\u015f\u0131mac\u0131l\u0131\u011f\u0131<\/a><\/li>\n<\/ul>\n<p id=\"baslik1\"><b>\u0130nter Lojistik Grubu<span>\u00a0<\/span><\/b>bir\u00e7ok lojistik faaliyet \u00e7e\u015fitlerinde oldu\u011fu gibi uluslararas\u0131 e\u015fya ta\u015f\u0131ma alan\u0131nda da faaliyetlerini \u00f6zveri ile s\u00fcrd\u00fcr\u00fcp siz de\u011ferli m\u00fc\u015fterilerimizin taleplerini kar\u015f\u0131lamay\u0131 hedeflemektedir. Y\u0131llar\u0131n verdi\u011fi tecr\u00fcbe ve uzman kadromuz ile yurti\u00e7i nakliye ihtiya\u00e7lar\u0131n\u0131z gibi yurtd\u0131\u015f\u0131nda da uluslararas\u0131 nakliye ihtiya\u00e7lar\u0131n\u0131zda da \u00e7\u00f6z\u00fcm orta\u011f\u0131n\u0131z \u0130nter Lojistik olabilmektedir. 1997 y\u0131l\u0131ndan beri \u00f6zveri ile sekt\u00f6r\u00fcn gereklilikleri ve m\u00fc\u015fteri ihtiya\u00e7lar\u0131na y\u00f6nelik hizmetlerimizi s\u00fcrd\u00fcrerek binlerce ba\u015far\u0131l\u0131 ta\u015f\u0131ma i\u015flemi ger\u00e7ekle\u015ftirmi\u015f durumday\u0131z Uluslararas\u0131 ta\u015f\u0131ma hizmetimiz ile sizlere \u00f6zel e\u015fya ta\u015f\u0131malar\u0131nda en geni\u015f ta\u015f\u0131ma se\u00e7eneklerini sunmaktay\u0131z. Bu se\u00e7eneklerden k\u0131saca bahsetmek gerekirse hava yolu, kara yolu ve deniz yolu gibi her ihtiyaca y\u00f6nelik hizmet se\u00e7eneklerimiz bulunmaktad\u0131r. Tamam\u0131yla m\u00fc\u015fteri ihtiya\u00e7 ve taleplerine y\u00f6nelik verdi\u011fimiz hizmet se\u00e7eneklerimiz haricinde ta\u015f\u0131ma \u00f6ncesi ve ta\u015f\u0131ma sonras\u0131 hizmet vermeye devam ediyoruz.<br \/>\nUluslararas\u0131 e\u015fya ta\u015f\u0131ma hizmetimiz ba\u015fta Avrupa \u00fclkeleri olmak \u00fczere d\u00fcnyan\u0131n d\u00f6rt bir yan\u0131na g\u00fcvenli bir \u015fekilde s\u00fcrd\u00fcr\u00fclmektedir. Uluslararas\u0131 e\u015fya ta\u015f\u0131ma s\u00fcrecinde m\u00fc\u015fterilerimiz taraf\u0131ndan merak edilen belli ba\u015fl\u0131 konular vard\u0131r. Bunlardan birisi de<span>\u00a0<\/span><b>yurtd\u0131\u015f\u0131na e\u015fya ta\u015f\u0131ma \u00fccretleri<span>\u00a0<\/span><\/b>olmaktad\u0131r. Yurtd\u0131\u015f\u0131na e\u015fya ta\u015f\u0131ma maliyetlerini etkileyen belli ba\u015fl\u0131 fakt\u00f6rler vard\u0131r. Bu fakt\u00f6rlerden bahsetmek gerekirse; ilk olarak ev e\u015fyalar\u0131n\u0131n bulundu\u011fu yani e\u015fyalar\u0131n al\u0131naca\u011f\u0131 konum daha sonra e\u015fyan\u0131n al\u0131nd\u0131\u011f\u0131 konumdan b\u0131rak\u0131laca\u011f\u0131 konum yani nihai olarak e\u015fyalar\u0131n ta\u015f\u0131naca\u011f\u0131 yer daha sonra ise ta\u015f\u0131nacak olan e\u015fyalar\u0131n miktar\u0131 ta\u015f\u0131ma fiyatlar\u0131 etkileyen ba\u015fl\u0131ca fakt\u00f6rlerdir. Ev e\u015fyalar\u0131n\u0131n birbiri ile standart bir fiziksel yap\u0131lar\u0131 olmad\u0131\u011f\u0131 i\u00e7in, e\u015fyalar\u0131n\u0131z\u0131n metrek\u00fcp hesaplamas\u0131 yap\u0131l\u0131rken iki y\u00f6ntem izlemekteyiz. \u0130lk etapta e\u015fya listesinin beyan\u0131n\u0131 sizlerden istemekte, daha sonra ise \u00fccretsiz ekspertiz hizmetimiz ile tam ve net \u00f6l\u00e7\u00fcmleri yapmaktay\u0131z.<span>\u00a0<\/span><b>Yurtd\u0131\u015f\u0131na ev e\u015fyas\u0131 ta\u015f\u0131ma<span>\u00a0<\/span><\/b>fiyatlar\u0131nda en b\u00fcy\u00fck belirleyen, ev e\u015fyalar\u0131n\u0131z\u0131n hacimsel boyutudur.<br \/>\n<img decoding=\"async\" class=\"my-2 text-center img-fluid\" src=\"https:\/\/interlojistik.com.tr\/en\/view\/img\/blog\/uluslararasi-evden-eve-tasimacilik-1.jpg\" alt=\"\u0130nter Lojistik\" \/><span>\u00a0<\/span><b>Uluslararas\u0131 e\u015fya ta\u015f\u0131ma<span>\u00a0<\/span><\/b>s\u00fcrecinde ilk etapta hangi e\u015fyalar\u0131n\u0131z\u0131n ta\u015f\u0131naca\u011f\u0131na karar vermelisiniz. Daha sonra e\u015fya ta\u015f\u0131yaca\u011f\u0131n\u0131z \u00fclke i\u00e7in gerekli bilgi ve evraklar\u0131 haz\u0131rlay\u0131p tamam\u0131yla ta\u015f\u0131ma s\u00fcrecine haz\u0131r olmal\u0131s\u0131n\u0131z. Bu ad\u0131mdan sonra ise firmam\u0131z ile ileti\u015fime ge\u00e7ip yurtd\u0131\u015f\u0131na e\u015fya ta\u015f\u0131ma s\u00fcrecinizi profesyonel kadromuz ile birlikte organize ettikten sonra ta\u015f\u0131ma tarihini belirleyebilirsiniz.<br \/>\nYurtd\u0131\u015f\u0131na e\u015fya ta\u015f\u0131mak olduk\u00e7a titizlik ve dikkat isteyen bir konudur. Hi\u00e7 kimse binlerce kilometre \u00f6teye ta\u015f\u0131nacak e\u015fyalar\u0131n\u0131n hasar g\u00f6rmesini istemez. Bu konuda ise yap\u0131lmas\u0131 gereken en \u00f6nemli konu yurtd\u0131\u015f\u0131na e\u015fya ta\u015f\u0131ma hizmeti alaca\u011f\u0131n\u0131z firmad\u0131r.<span>\u00a0<\/span><b>Yurtd\u0131\u015f\u0131na e\u015fya g\u00f6nderme firmalar\u0131<span>\u00a0<\/span><\/b>se\u00e7ilirken dikkat edilmesi gereken husus T\u00fcrkiye i\u00e7erisinde C3 yetki belgesi (Uluslararas\u0131 ve Yurti\u00e7i Zati E\u015fyas\u0131 Ta\u015f\u0131mac\u0131l\u0131\u011f\u0131 Belgesi) mevcut olan firmalard\u0131r. Bu firmalar yurti\u00e7i ve uluslararas\u0131 alanda zati e\u015fya ta\u015f\u0131ma hakk\u0131na sahip olan firmalard\u0131r. Bu belgeye sahip yetkili bir firma ile \u00e7al\u0131\u015f\u0131yor olman\u0131z sizleri arac\u0131 hizmet veren firmalar ile \u00e7al\u0131\u015fmaya g\u00f6re ekstra komisyon \u00fccretlerinden etkilenmemenizi sa\u011flayacakt\u0131r.<br \/>\n<b>\u0130nter Lojistik Grubu<span>\u00a0<\/span><\/b>kurulmu\u015f oldu\u011fu 1997 y\u0131l\u0131ndan beri ana faaliyet konusu olan uluslararas\u0131 lojistik hizmetlerinizde sizlere profesyonel bir \u00e7\u00f6z\u00fcm orta\u011f\u0131 olmay\u0131 hedeflemektedir. Sekt\u00f6r\u00fcn gerekliliklerini yerine getirme, m\u00fc\u015fteri talep ve ihtiya\u00e7lar\u0131na kar\u015f\u0131l\u0131k verme, m\u00fc\u015fteri memnuniyeti odakl\u0131 ta\u015f\u0131ma s\u00fcreci ve hizmet \u00f6ncesi &#8211; sonras\u0131 deste\u011fimiz ile 20 y\u0131l\u0131 a\u015fk\u0131n s\u00fcrede binlerce ba\u015far\u0131l\u0131 operasyon ger\u00e7ekle\u015ftirmi\u015f durumday\u0131z.<br \/>\nDaha detayl\u0131 bilgiler ve fiyatlara ula\u015fmak i\u00e7in bizimle 444 61 85 numaral\u0131 telefon numaras\u0131ndan veya info@internakliyat.com mail adresinden ula\u015fabilirsiniz.<\/p>\n","protected":false},"excerpt":{"rendered":"<p>Yurtd\u0131\u015f\u0131 Konteyner Ta\u015f\u0131mac\u0131l\u0131\u011f\u0131 \u0130nter Lojistik Grubu\u00a0bir\u00e7ok lojistik faaliyet \u00e7e\u015fitlerinde oldu\u011fu gibi uluslararas\u0131 e\u015fya ta\u015f\u0131ma alan\u0131nda da faaliyetlerini \u00f6zveri ile s\u00fcrd\u00fcr\u00fcp siz de\u011ferli m\u00fc\u015fterilerimizin taleplerini kar\u015f\u0131lamay\u0131 hedeflemektedir. Y\u0131llar\u0131n verdi\u011fi tecr\u00fcbe ve uzman kadromuz ile yurti\u00e7i nakliye ihtiya\u00e7lar\u0131n\u0131z gibi yurtd\u0131\u015f\u0131nda da uluslararas\u0131 nakliye ihtiya\u00e7lar\u0131n\u0131zda da \u00e7\u00f6z\u00fcm orta\u011f\u0131n\u0131z \u0130nter Lojistik olabilmektedir. 1997 y\u0131l\u0131ndan beri \u00f6zveri ile sekt\u00f6r\u00fcn gereklilikleri [&hellip;]<\/p>\n","protected":false},"author":1,"featured_media":5752,"comment_status":"open","ping_status":"open","sticky":false,"template":"","format":"standard","meta":{"footnotes":""},"categories":[29],"tags":[],"class_list":["post-5857","post","type-post","status-publish","format-standard","has-post-thumbnail","hentry","category-inter-lojistik"],"_links":{"self":[{"href":"https:\/\/interlojistik.com.tr\/en\/wp-json\/wp\/v2\/posts\/5857","targetHints":{"allow":["GET"]}}],"collection":[{"href":"https:\/\/interlojistik.com.tr\/en\/wp-json\/wp\/v2\/posts"}],"about":[{"href":"https:\/\/interlojistik.com.tr\/en\/wp-json\/wp\/v2\/types\/post"}],"author":[{"embeddable":true,"href":"https:\/\/interlojistik.com.tr\/en\/wp-json\/wp\/v2\/users\/1"}],"replies":[{"embeddable":true,"href":"https:\/\/interlojistik.com.tr\/en\/wp-json\/wp\/v2\/comments?post=5857"}],"version-history":[{"count":1,"href":"https:\/\/interlojistik.com.tr\/en\/wp-json\/wp\/v2\/posts\/5857\/revisions"}],"predecessor-version":[{"id":5858,"href":"https:\/\/interlojistik.com.tr\/en\/wp-json\/wp\/v2\/posts\/5857\/revisions\/5858"}],"wp:featuredmedia":[{"embeddable":true,"href":"https:\/\/interlojistik.com.tr\/en\/wp-json\/wp\/v2\/media\/5752"}],"wp:attachment":[{"href":"https:\/\/interlojistik.com.tr\/en\/wp-json\/wp\/v2\/media?parent=5857"}],"wp:term":[{"taxonomy":"category","embeddable":true,"href":"https:\/\/interlojistik.com.tr\/en\/wp-json\/wp\/v2\/categories?post=5857"},{"taxonomy":"post_tag","embeddable":true,"href":"https:\/\/interlojistik.com.tr\/en\/wp-json\/wp\/v2\/tags?post=5857"}],"curies":[{"name":"wp","href":"https:\/\/api.w.org\/{rel}","templated":true}]}}